{"id":3172,"date":"2025-03-04T10:20:58","date_gmt":"2025-03-04T10:20:58","guid":{"rendered":"https:\/\/prayde.com\/empresa\/?p=3172"},"modified":"2025-03-03T10:26:59","modified_gmt":"2025-03-03T10:26:59","slug":"como-combinar-edificabilidad-densidad-y-reservas-de-suelo","status":"publish","type":"post","link":"https:\/\/prayde.com\/empresa\/como-combinar-edificabilidad-densidad-y-reservas-de-suelo\/","title":{"rendered":"\u00bfC\u00f3mo combinar Edificabilidad, Densidad y Reservas de suelo?"},"content":{"rendered":"\n<h2 class=\"wp-block-heading\">Edificabilidad, Densidad y Reservas de suelo<\/h2>\n\n\n\n<p>La Edificabilidad, Densidad y Reservas de suelo son condicionantes de superficie y dise\u00f1o en los &nbsp;desarrollos urban\u00edsticos que hay que conjugar, en cuanto a valores m\u00e1ximos y m\u00ednimos<\/p>\n\n\n\n<p>Habitualmente no dan una soluci\u00f3n \u00fanica&nbsp; y que tenemos que contrastar tambi\u00e9n con los condicionantes de mercado del sector a desarrollar<\/p>\n\n\n\n<figure class=\"wp-block-image size-medium\"><a href=\"https:\/\/prayde.com\/empresa\/wp-content\/uploads\/2023\/06\/PlanParcial.jpg\"><img loading=\"lazy\" decoding=\"async\" width=\"283\" height=\"300\" src=\"https:\/\/prayde.com\/empresa\/wp-content\/uploads\/2023\/06\/PlanParcial-283x300.jpg\" alt=\"Edificabilidad, Densidad y Reservas de suelo\" class=\"wp-image-2538\" srcset=\"https:\/\/prayde.com\/empresa\/wp-content\/uploads\/2023\/06\/PlanParcial-283x300.jpg 283w, https:\/\/prayde.com\/empresa\/wp-content\/uploads\/2023\/06\/PlanParcial-142x150.jpg 142w, https:\/\/prayde.com\/empresa\/wp-content\/uploads\/2023\/06\/PlanParcial.jpg 471w\" sizes=\"auto, (max-width: 283px) 100vw, 283px\" \/><\/a><\/figure>\n\n\n\n<p>Estos condicionantes son, entre otros, reservas m\u00ednimas de viviendas para VPP, edificabilidad m\u00e1xima, densidad m\u00e1xima de viviendas, parcela m\u00ednima, cesiones de suelo para dotaciones, viales, zonas verdes, etc.<\/p>\n\n\n\n<p>NO es raro que haya que ceder\u00e9 en alguno de estos m\u00ednimos o m\u00e1ximos, perdiendo capacidad o derechos, para obtener productos que sean comercializables<\/p>\n\n\n\n<p>Por ejemplo, si no nos cabe toda la edificabilidad en las parcelas de m\u00ednima superficie que haya que tener, perderemos edificabilidad y consiguientemente los costes de repercusi\u00f3n, unitarios por m2 edificable, aumentaran para la misma urbanizaci\u00f3n<\/p>\n\n\n\n<h2 class=\"wp-block-heading\"><strong>Comprobaci\u00f3n de par\u00e1metros<\/strong><\/h2>\n\n\n\n<p>Como promotores tenemos que comprobar que nuestro producto se sit\u00faa dentro de la envolvente de condicionantes y si perdemos edificabilidad o no, e, incluso, si se puede proponer una modificaci\u00f3n de esos condicionantes que optimice el desarrollo<\/p>\n\n\n\n<p>Veamos esto con unos ejemplos<\/p>\n\n\n\n<p>La exigencia en un desarrollo urban\u00edstico de uso residencial de las dos condiciones simult\u00e1neas:<\/p>\n\n\n\n<ol style=\"list-style-type:lower-alpha\" class=\"wp-block-list\">\n<li>Porcentaje minio de reserva para la construcci\u00f3n de VPP (Supongamos un 30 %)<\/li>\n\n\n\n<li>El numero m\u00e1ximo de viviendas en el sector: 1500<\/li>\n\n\n\n<li>Superficie m\u00e1xima de las VPP. Seg\u00fan normativa propia de las CCAA (supongamos 90 m2 \u00fatiles) afecta seriamente a la superficie de las viviendas libres, como veremos en el siguiente ejemplo:<\/li>\n<\/ol>\n\n\n\n<h2 class=\"wp-block-heading\"><strong>EJEMPLO 1<\/strong><\/h2>\n\n\n\n<p>Elegimos una M2 \u00fatil\/constr para vpp = 0,75 para poder pasar los m2 utiles exigidos por la legislaci\u00f3n a m2 construidos, que son la edificabilidad<\/p>\n\n\n\n<figure class=\"wp-block-table\"><table class=\"has-fixed-layout\"><tbody><tr><td><strong>&nbsp;<\/strong><\/td><td><strong>M2 Edificabilidad<\/strong><\/td><td><strong>Ud<\/strong><\/td><td><strong>Sup Util<\/strong><\/td><td><strong>Sup Constr<\/strong><\/td><\/tr><tr><td><strong>VLibre<\/strong><\/td><td>10.5000<\/td><td>1125<\/td><td>&nbsp;<\/td><td>93,3<\/td><\/tr><tr><td><strong>Vpp<\/strong><\/td><td>45.000<\/td><td>375<\/td><td>90<\/td><td>120<\/td><\/tr><tr><td><strong>Total<\/strong><\/td><td>150.000<\/td><td>1500<\/td><td>&nbsp;<\/td><td>&nbsp;<\/td><\/tr><\/tbody><\/table><\/figure>\n\n\n\n<p>Como se observa en el cuadro, la VPP siempre tendr\u00e1 un numero de unidades fijo, si l as hacemos del m\u00e1ximo permitido, y la diferencia con el total ser\u00e1n las viviendas libres<\/p>\n\n\n\n<p>Se observa en este caso, que resultan 1125 viv. Libres, que su superficie construida es de 93 m2, menos que la de la VPP y que pensamos que, comercialmente, no tiene salida<\/p>\n\n\n\n<p><strong>Por ello, habr\u00eda que disminuir el n\u00famero total de viviendas para obtener una superficie construida razonable para la zona<\/strong><\/p>\n\n\n\n<h2 class=\"wp-block-heading\"><strong>EJEMPLO 2<\/strong><\/h2>\n\n\n\n<p>Cuando, de una actuaci\u00f3n urban\u00edstica de un determinado sector de uso residencial se conocen los siguientes datos:<\/p>\n\n\n\n<ol class=\"wp-block-list\">\n<li>Superficie del sector: 40.000 m2<\/li>\n\n\n\n<li>Edificabilidad: 1,5 m2\/m2<\/li>\n\n\n\n<li>Tipolog\u00eda de las viviendas; Bloque aislado<\/li>\n\n\n\n<li>Ocupaci\u00f3n de suelo m\u00e1xima en planta baja: 50 %<\/li>\n\n\n\n<li>Numero de plantas: PB + 7 P-<\/li>\n<\/ol>\n\n\n\n<p>Puede deducirse la superficie m\u00ednima de parcela edificable, por medio de la sencilla formula:<\/p>\n\n\n\n<p>&nbsp;&nbsp;&nbsp;&nbsp;&nbsp;&nbsp;&nbsp;&nbsp;&nbsp;&nbsp;&nbsp;&nbsp;&nbsp;&nbsp;&nbsp;&nbsp; E&nbsp;&nbsp;&nbsp;&nbsp;&nbsp;&nbsp;&nbsp;&nbsp;&nbsp;&nbsp; &nbsp;&nbsp;&nbsp;&nbsp;&nbsp;&nbsp;&nbsp;&nbsp;1,5 x 40.000<\/p>\n\n\n\n<p>S = &nbsp;&nbsp;&nbsp;&#8212;&#8212;&#8212;&#8212;&#8212; &nbsp;&nbsp;&nbsp;&nbsp;= &#8212;&#8212;&#8212;&#8212;&#8212;-&nbsp;&nbsp;&nbsp; &nbsp;= 15.000 m2<\/p>\n\n\n\n<p>&nbsp;&nbsp;&nbsp;&nbsp;&nbsp;&nbsp;&nbsp;&nbsp;&nbsp;&nbsp;&nbsp; OC x NP&nbsp;&nbsp;&nbsp;&nbsp;&nbsp;&nbsp; &nbsp;&nbsp;&nbsp;&nbsp;&nbsp;&nbsp;&nbsp;&nbsp;&nbsp;0,5 x 8<\/p>\n\n\n\n<p>Siendo:<\/p>\n\n\n\n<p>E = Edificabilidad m\u00e1xima del sector = e x SS<\/p>\n\n\n\n<p>E = \u00cdndice de edificabilidad te\u00f3rica m\u00e1xima<\/p>\n\n\n\n<p>SS = Superficie computable del sector<\/p>\n\n\n\n<p>OC = % Ocupaci\u00f3n m\u00e1xima de la edificaci\u00f3n en la parcela<\/p>\n\n\n\n<p>NP = N\u00famero m\u00e1ximo total de plantas de la edificaci\u00f3n<\/p>\n\n\n\n<p>Todos estos temas y otros similares se contemplan en los <strong>Cuadernos del Promotor Inmobiliarios (CPI)<\/strong>, concretamente en el &nbsp;<strong>CU4a \u201c<\/strong><strong>EDIFICABILIDAD Y PRECIO DE REPERCUSI\u00d3N DE UN SUELO<\/strong>\u201d, al que se puede acceder desde los &nbsp; <a href=\"https:\/\/prayde.com\/empresa\/cuadernos-por-temas\/\">Cuadernos del Promotor Inmobiliario<\/a><\/p>\n\n\n\n<p><strong>Vea un <a href=\"https:\/\/prayde.com\/Cuadernos\/Indice%20por%20Temas.pdf\">\u00cdndice de los CPI, por Temas<\/a><\/strong><\/p>\n\n\n\n<h2 class=\"wp-block-heading\"><strong>M\u00e1s entradas sobre este tema<\/strong><\/h2>\n\n\n\n<p>y otros relacionados con la actividad inmobiliaria y promotora en<\/p>\n\n\n\n<ul class=\"wp-block-list\">\n<li><strong>Spotify: Desmontando una promoci\u00f3n Inmobiliaria <a href=\"https:\/\/open.spotify.com\/show\/70rqfcJ5QURpunFnSnAlyd\">https:\/\/open.spotify.com\/show\/70rqfcJ5QURpunFnSnAlyd<\/a><\/strong><\/li>\n\n\n\n<li><strong>La Viabilidad de la Promocion Inmobiliaria <a href=\"https:\/\/prayde.com\/empresa\/busqueda-en-el-blog-viabilidad-de-la-promocion-inmobiliaria\/\">https:\/\/prayde.com\/empresa\/busqueda-en-el-blog-viabilidad-de-la-promocion-inmobiliaria\/<\/a><\/strong><\/li>\n\n\n\n<li><strong>Cuadernos del Promotor Inmobiliario en <a href=\"https:\/\/prayde.com\/empresa\/cuadernos-por-temas\/\">https:\/\/prayde.com\/empresa\/cuadernos-por-temas\/<\/a><\/strong><\/li>\n\n\n\n<li><strong>Software de An\u00e1lisis de Viabilidad de Promociones, Gestinmo, en <a href=\"https:\/\/prayde.com\/\">https:\/\/prayde.com<\/a><\/strong><\/li>\n\n\n\n<li><strong>B\u00fascanos en Twitter \u00a0<a href=\"https:\/\/www.youtube.com\/redirect?event=video_description&amp;redir_token=QUFFLUhqa00wa3NVcmk1NlFiZmpnMDNVLUZTRXFMTmR4Z3xBQ3Jtc0tuZmhUU3J5ZmZUc2x6YTFMbVZwRjVjTFNZTEZ6N0RLVTdBRk92TnpjSHZTbllMZVA3TnlfR2NGdnFLLXdYSmp4eUQ4V292dWRXdm9mc0xnLWRjcS1TcGxqQ0lSSmZxQ2dWNFUzQUlxbnNZUEhnUW1zYw&amp;q=https%3A%2F%2Ftwitter.com%2FPraydeG\" target=\"_blank\" rel=\"noreferrer noopener\">https:\/\/twitter.com\/PraydeG<\/a> @PraydeG<\/strong><\/li>\n\n\n\n<li><strong>Y en nuestros canales de YouTube <a href=\"https:\/\/www.youtube.com\/playlist?list=PL2rXgOV0kih4ImgRs2ky77CTbkIblLX36\">https:\/\/www.youtube.com\/playlist?list=PL2rXgOV0kih4ImgRs2ky77CTbkIblLX36<\/a><\/strong><\/li>\n<\/ul>\n\n\n\n<p><\/p>\n","protected":false},"excerpt":{"rendered":"<p>Edificabilidad, Densidad y Reservas de suelo La Edificabilidad, Densidad y Reservas de suelo son condicionantes de superficie y dise\u00f1o en los &nbsp;desarrollos urban\u00edsticos que hay que conjugar, en cuanto a\u2026 <a class=\"continue-reading-link\" href=\"https:\/\/prayde.com\/empresa\/como-combinar-edificabilidad-densidad-y-reservas-de-suelo\/\">Continue leyendo<\/a><\/p>\n","protected":false},"author":1,"featured_media":0,"comment_status":"open","ping_status":"closed","sticky":false,"template":"","format":"standard","meta":{"footnotes":""},"categories":[1],"tags":[19,29,24],"class_list":["post-3172","post","type-post","status-publish","format-standard","hentry","category-sin-categoria","tag-legislacion","tag-suelo","tag-viabilidad"],"yoast_head":"<!-- This site is optimized with the Yoast SEO plugin v27.5 - https:\/\/yoast.com\/product\/yoast-seo-wordpress\/ -->\n<title>\u00bfC\u00f3mo combinar Edificabilidad, Densidad y Reservas de suelo? - Gestinmo<\/title>\n<meta name=\"description\" content=\"La Edificabilidad, Densidad y Reservas de suelo condicionan los desarrollos urban\u00edsticos y hay que conjugar, en cuanto a m\u00e1ximos y m\u00ednimos\" \/>\n<meta name=\"robots\" content=\"index, follow, max-snippet:-1, max-image-preview:large, max-video-preview:-1\" \/>\n<link rel=\"canonical\" href=\"https:\/\/prayde.com\/empresa\/como-combinar-edificabilidad-densidad-y-reservas-de-suelo\/\" \/>\n<meta property=\"og:locale\" content=\"es_ES\" \/>\n<meta property=\"og:type\" content=\"article\" \/>\n<meta property=\"og:title\" content=\"\u00bfC\u00f3mo combinar Edificabilidad, Densidad y Reservas de suelo? - Gestinmo\" \/>\n<meta property=\"og:description\" content=\"La Edificabilidad, Densidad y Reservas de suelo condicionan los desarrollos urban\u00edsticos y hay que conjugar, en cuanto a m\u00e1ximos y m\u00ednimos\" \/>\n<meta property=\"og:url\" content=\"https:\/\/prayde.com\/empresa\/como-combinar-edificabilidad-densidad-y-reservas-de-suelo\/\" \/>\n<meta property=\"og:site_name\" content=\"Gestinmo\" \/>\n<meta property=\"article:published_time\" content=\"2025-03-04T10:20:58+00:00\" \/>\n<meta property=\"og:image\" content=\"https:\/\/prayde.com\/empresa\/wp-content\/uploads\/2023\/06\/PlanParcial.jpg\" \/>\n\t<meta property=\"og:image:width\" content=\"471\" \/>\n\t<meta property=\"og:image:height\" content=\"499\" \/>\n\t<meta property=\"og:image:type\" content=\"image\/jpeg\" \/>\n<meta name=\"author\" content=\"jfcaparros\" \/>\n<meta name=\"twitter:card\" content=\"summary_large_image\" \/>\n<meta name=\"twitter:label1\" content=\"Escrito por\" \/>\n\t<meta name=\"twitter:data1\" content=\"jfcaparros\" \/>\n\t<meta name=\"twitter:label2\" content=\"Tiempo de lectura\" \/>\n\t<meta name=\"twitter:data2\" content=\"3 minutos\" \/>\n<script type=\"application\/ld+json\" class=\"yoast-schema-graph\">{\"@context\":\"https:\\\/\\\/schema.org\",\"@graph\":[{\"@type\":\"Article\",\"@id\":\"https:\\\/\\\/prayde.com\\\/empresa\\\/como-combinar-edificabilidad-densidad-y-reservas-de-suelo\\\/#article\",\"isPartOf\":{\"@id\":\"https:\\\/\\\/prayde.com\\\/empresa\\\/como-combinar-edificabilidad-densidad-y-reservas-de-suelo\\\/\"},\"author\":{\"name\":\"jfcaparros\",\"@id\":\"https:\\\/\\\/prayde.com\\\/empresa\\\/#\\\/schema\\\/person\\\/f8e0c96aaf660cad78380e9d37850f22\"},\"headline\":\"\u00bfC\u00f3mo combinar Edificabilidad, Densidad y Reservas de suelo?\",\"datePublished\":\"2025-03-04T10:20:58+00:00\",\"mainEntityOfPage\":{\"@id\":\"https:\\\/\\\/prayde.com\\\/empresa\\\/como-combinar-edificabilidad-densidad-y-reservas-de-suelo\\\/\"},\"wordCount\":742,\"commentCount\":0,\"publisher\":{\"@id\":\"https:\\\/\\\/prayde.com\\\/empresa\\\/#organization\"},\"image\":{\"@id\":\"https:\\\/\\\/prayde.com\\\/empresa\\\/como-combinar-edificabilidad-densidad-y-reservas-de-suelo\\\/#primaryimage\"},\"thumbnailUrl\":\"https:\\\/\\\/prayde.com\\\/empresa\\\/wp-content\\\/uploads\\\/2023\\\/06\\\/PlanParcial-283x300.jpg\",\"keywords\":[\"legislacion\",\"Suelo\",\"viabilidad\"],\"inLanguage\":\"es\",\"potentialAction\":[{\"@type\":\"CommentAction\",\"name\":\"Comment\",\"target\":[\"https:\\\/\\\/prayde.com\\\/empresa\\\/como-combinar-edificabilidad-densidad-y-reservas-de-suelo\\\/#respond\"]}]},{\"@type\":\"WebPage\",\"@id\":\"https:\\\/\\\/prayde.com\\\/empresa\\\/como-combinar-edificabilidad-densidad-y-reservas-de-suelo\\\/\",\"url\":\"https:\\\/\\\/prayde.com\\\/empresa\\\/como-combinar-edificabilidad-densidad-y-reservas-de-suelo\\\/\",\"name\":\"\u00bfC\u00f3mo combinar Edificabilidad, Densidad y Reservas de suelo? - Gestinmo\",\"isPartOf\":{\"@id\":\"https:\\\/\\\/prayde.com\\\/empresa\\\/#website\"},\"primaryImageOfPage\":{\"@id\":\"https:\\\/\\\/prayde.com\\\/empresa\\\/como-combinar-edificabilidad-densidad-y-reservas-de-suelo\\\/#primaryimage\"},\"image\":{\"@id\":\"https:\\\/\\\/prayde.com\\\/empresa\\\/como-combinar-edificabilidad-densidad-y-reservas-de-suelo\\\/#primaryimage\"},\"thumbnailUrl\":\"https:\\\/\\\/prayde.com\\\/empresa\\\/wp-content\\\/uploads\\\/2023\\\/06\\\/PlanParcial-283x300.jpg\",\"datePublished\":\"2025-03-04T10:20:58+00:00\",\"description\":\"La Edificabilidad, Densidad y Reservas de suelo condicionan los desarrollos urban\u00edsticos y hay que conjugar, en cuanto a m\u00e1ximos y m\u00ednimos\",\"breadcrumb\":{\"@id\":\"https:\\\/\\\/prayde.com\\\/empresa\\\/como-combinar-edificabilidad-densidad-y-reservas-de-suelo\\\/#breadcrumb\"},\"inLanguage\":\"es\",\"potentialAction\":[{\"@type\":\"ReadAction\",\"target\":[\"https:\\\/\\\/prayde.com\\\/empresa\\\/como-combinar-edificabilidad-densidad-y-reservas-de-suelo\\\/\"]}]},{\"@type\":\"ImageObject\",\"inLanguage\":\"es\",\"@id\":\"https:\\\/\\\/prayde.com\\\/empresa\\\/como-combinar-edificabilidad-densidad-y-reservas-de-suelo\\\/#primaryimage\",\"url\":\"https:\\\/\\\/prayde.com\\\/empresa\\\/wp-content\\\/uploads\\\/2023\\\/06\\\/PlanParcial.jpg\",\"contentUrl\":\"https:\\\/\\\/prayde.com\\\/empresa\\\/wp-content\\\/uploads\\\/2023\\\/06\\\/PlanParcial.jpg\",\"width\":471,\"height\":499},{\"@type\":\"BreadcrumbList\",\"@id\":\"https:\\\/\\\/prayde.com\\\/empresa\\\/como-combinar-edificabilidad-densidad-y-reservas-de-suelo\\\/#breadcrumb\",\"itemListElement\":[{\"@type\":\"ListItem\",\"position\":1,\"name\":\"Portada\",\"item\":\"https:\\\/\\\/prayde.com\\\/empresa\\\/\"},{\"@type\":\"ListItem\",\"position\":2,\"name\":\"\u00bfC\u00f3mo combinar Edificabilidad, Densidad y Reservas de suelo?\"}]},{\"@type\":\"WebSite\",\"@id\":\"https:\\\/\\\/prayde.com\\\/empresa\\\/#website\",\"url\":\"https:\\\/\\\/prayde.com\\\/empresa\\\/\",\"name\":\"Gestinmo\",\"description\":\"Analizar la Rentabilidad y Riesgos de una Promocion Inmobiliaria\",\"publisher\":{\"@id\":\"https:\\\/\\\/prayde.com\\\/empresa\\\/#organization\"},\"potentialAction\":[{\"@type\":\"SearchAction\",\"target\":{\"@type\":\"EntryPoint\",\"urlTemplate\":\"https:\\\/\\\/prayde.com\\\/empresa\\\/?s={search_term_string}\"},\"query-input\":{\"@type\":\"PropertyValueSpecification\",\"valueRequired\":true,\"valueName\":\"search_term_string\"}}],\"inLanguage\":\"es\"},{\"@type\":\"Organization\",\"@id\":\"https:\\\/\\\/prayde.com\\\/empresa\\\/#organization\",\"name\":\"Gestinmo\",\"url\":\"https:\\\/\\\/prayde.com\\\/empresa\\\/\",\"logo\":{\"@type\":\"ImageObject\",\"inLanguage\":\"es\",\"@id\":\"https:\\\/\\\/prayde.com\\\/empresa\\\/#\\\/schema\\\/logo\\\/image\\\/\",\"url\":\"https:\\\/\\\/prayde.com\\\/empresa\\\/wp-content\\\/uploads\\\/2018\\\/12\\\/cropped-cropped-Prayde-Pe.jpg\",\"contentUrl\":\"https:\\\/\\\/prayde.com\\\/empresa\\\/wp-content\\\/uploads\\\/2018\\\/12\\\/cropped-cropped-Prayde-Pe.jpg\",\"width\":512,\"height\":512,\"caption\":\"Gestinmo\"},\"image\":{\"@id\":\"https:\\\/\\\/prayde.com\\\/empresa\\\/#\\\/schema\\\/logo\\\/image\\\/\"}},{\"@type\":\"Person\",\"@id\":\"https:\\\/\\\/prayde.com\\\/empresa\\\/#\\\/schema\\\/person\\\/f8e0c96aaf660cad78380e9d37850f22\",\"name\":\"jfcaparros\",\"image\":{\"@type\":\"ImageObject\",\"inLanguage\":\"es\",\"@id\":\"https:\\\/\\\/secure.gravatar.com\\\/avatar\\\/a275282a4f49c72bf010c86afa10d9fd2bf7a834cc9dcbc372cf350803eb7359?s=96&d=mm&r=g\",\"url\":\"https:\\\/\\\/secure.gravatar.com\\\/avatar\\\/a275282a4f49c72bf010c86afa10d9fd2bf7a834cc9dcbc372cf350803eb7359?s=96&d=mm&r=g\",\"contentUrl\":\"https:\\\/\\\/secure.gravatar.com\\\/avatar\\\/a275282a4f49c72bf010c86afa10d9fd2bf7a834cc9dcbc372cf350803eb7359?s=96&d=mm&r=g\",\"caption\":\"jfcaparros\"},\"url\":\"https:\\\/\\\/prayde.com\\\/empresa\\\/author\\\/jfcaparros\\\/\"}]}<\/script>\n<!-- \/ Yoast SEO plugin. -->","yoast_head_json":{"title":"\u00bfC\u00f3mo combinar Edificabilidad, Densidad y Reservas de suelo? - Gestinmo","description":"La Edificabilidad, Densidad y Reservas de suelo condicionan los desarrollos urban\u00edsticos y hay que conjugar, en cuanto a m\u00e1ximos y m\u00ednimos","robots":{"index":"index","follow":"follow","max-snippet":"max-snippet:-1","max-image-preview":"max-image-preview:large","max-video-preview":"max-video-preview:-1"},"canonical":"https:\/\/prayde.com\/empresa\/como-combinar-edificabilidad-densidad-y-reservas-de-suelo\/","og_locale":"es_ES","og_type":"article","og_title":"\u00bfC\u00f3mo combinar Edificabilidad, Densidad y Reservas de suelo? - Gestinmo","og_description":"La Edificabilidad, Densidad y Reservas de suelo condicionan los desarrollos urban\u00edsticos y hay que conjugar, en cuanto a m\u00e1ximos y m\u00ednimos","og_url":"https:\/\/prayde.com\/empresa\/como-combinar-edificabilidad-densidad-y-reservas-de-suelo\/","og_site_name":"Gestinmo","article_published_time":"2025-03-04T10:20:58+00:00","og_image":[{"width":471,"height":499,"url":"https:\/\/prayde.com\/empresa\/wp-content\/uploads\/2023\/06\/PlanParcial.jpg","type":"image\/jpeg"}],"author":"jfcaparros","twitter_card":"summary_large_image","twitter_misc":{"Escrito por":"jfcaparros","Tiempo de lectura":"3 minutos"},"schema":{"@context":"https:\/\/schema.org","@graph":[{"@type":"Article","@id":"https:\/\/prayde.com\/empresa\/como-combinar-edificabilidad-densidad-y-reservas-de-suelo\/#article","isPartOf":{"@id":"https:\/\/prayde.com\/empresa\/como-combinar-edificabilidad-densidad-y-reservas-de-suelo\/"},"author":{"name":"jfcaparros","@id":"https:\/\/prayde.com\/empresa\/#\/schema\/person\/f8e0c96aaf660cad78380e9d37850f22"},"headline":"\u00bfC\u00f3mo combinar Edificabilidad, Densidad y Reservas de suelo?","datePublished":"2025-03-04T10:20:58+00:00","mainEntityOfPage":{"@id":"https:\/\/prayde.com\/empresa\/como-combinar-edificabilidad-densidad-y-reservas-de-suelo\/"},"wordCount":742,"commentCount":0,"publisher":{"@id":"https:\/\/prayde.com\/empresa\/#organization"},"image":{"@id":"https:\/\/prayde.com\/empresa\/como-combinar-edificabilidad-densidad-y-reservas-de-suelo\/#primaryimage"},"thumbnailUrl":"https:\/\/prayde.com\/empresa\/wp-content\/uploads\/2023\/06\/PlanParcial-283x300.jpg","keywords":["legislacion","Suelo","viabilidad"],"inLanguage":"es","potentialAction":[{"@type":"CommentAction","name":"Comment","target":["https:\/\/prayde.com\/empresa\/como-combinar-edificabilidad-densidad-y-reservas-de-suelo\/#respond"]}]},{"@type":"WebPage","@id":"https:\/\/prayde.com\/empresa\/como-combinar-edificabilidad-densidad-y-reservas-de-suelo\/","url":"https:\/\/prayde.com\/empresa\/como-combinar-edificabilidad-densidad-y-reservas-de-suelo\/","name":"\u00bfC\u00f3mo combinar Edificabilidad, Densidad y Reservas de suelo? - Gestinmo","isPartOf":{"@id":"https:\/\/prayde.com\/empresa\/#website"},"primaryImageOfPage":{"@id":"https:\/\/prayde.com\/empresa\/como-combinar-edificabilidad-densidad-y-reservas-de-suelo\/#primaryimage"},"image":{"@id":"https:\/\/prayde.com\/empresa\/como-combinar-edificabilidad-densidad-y-reservas-de-suelo\/#primaryimage"},"thumbnailUrl":"https:\/\/prayde.com\/empresa\/wp-content\/uploads\/2023\/06\/PlanParcial-283x300.jpg","datePublished":"2025-03-04T10:20:58+00:00","description":"La Edificabilidad, Densidad y Reservas de suelo condicionan los desarrollos urban\u00edsticos y hay que conjugar, en cuanto a m\u00e1ximos y m\u00ednimos","breadcrumb":{"@id":"https:\/\/prayde.com\/empresa\/como-combinar-edificabilidad-densidad-y-reservas-de-suelo\/#breadcrumb"},"inLanguage":"es","potentialAction":[{"@type":"ReadAction","target":["https:\/\/prayde.com\/empresa\/como-combinar-edificabilidad-densidad-y-reservas-de-suelo\/"]}]},{"@type":"ImageObject","inLanguage":"es","@id":"https:\/\/prayde.com\/empresa\/como-combinar-edificabilidad-densidad-y-reservas-de-suelo\/#primaryimage","url":"https:\/\/prayde.com\/empresa\/wp-content\/uploads\/2023\/06\/PlanParcial.jpg","contentUrl":"https:\/\/prayde.com\/empresa\/wp-content\/uploads\/2023\/06\/PlanParcial.jpg","width":471,"height":499},{"@type":"BreadcrumbList","@id":"https:\/\/prayde.com\/empresa\/como-combinar-edificabilidad-densidad-y-reservas-de-suelo\/#breadcrumb","itemListElement":[{"@type":"ListItem","position":1,"name":"Portada","item":"https:\/\/prayde.com\/empresa\/"},{"@type":"ListItem","position":2,"name":"\u00bfC\u00f3mo combinar Edificabilidad, Densidad y Reservas de suelo?"}]},{"@type":"WebSite","@id":"https:\/\/prayde.com\/empresa\/#website","url":"https:\/\/prayde.com\/empresa\/","name":"Gestinmo","description":"Analizar la Rentabilidad y Riesgos de una Promocion Inmobiliaria","publisher":{"@id":"https:\/\/prayde.com\/empresa\/#organization"},"potentialAction":[{"@type":"SearchAction","target":{"@type":"EntryPoint","urlTemplate":"https:\/\/prayde.com\/empresa\/?s={search_term_string}"},"query-input":{"@type":"PropertyValueSpecification","valueRequired":true,"valueName":"search_term_string"}}],"inLanguage":"es"},{"@type":"Organization","@id":"https:\/\/prayde.com\/empresa\/#organization","name":"Gestinmo","url":"https:\/\/prayde.com\/empresa\/","logo":{"@type":"ImageObject","inLanguage":"es","@id":"https:\/\/prayde.com\/empresa\/#\/schema\/logo\/image\/","url":"https:\/\/prayde.com\/empresa\/wp-content\/uploads\/2018\/12\/cropped-cropped-Prayde-Pe.jpg","contentUrl":"https:\/\/prayde.com\/empresa\/wp-content\/uploads\/2018\/12\/cropped-cropped-Prayde-Pe.jpg","width":512,"height":512,"caption":"Gestinmo"},"image":{"@id":"https:\/\/prayde.com\/empresa\/#\/schema\/logo\/image\/"}},{"@type":"Person","@id":"https:\/\/prayde.com\/empresa\/#\/schema\/person\/f8e0c96aaf660cad78380e9d37850f22","name":"jfcaparros","image":{"@type":"ImageObject","inLanguage":"es","@id":"https:\/\/secure.gravatar.com\/avatar\/a275282a4f49c72bf010c86afa10d9fd2bf7a834cc9dcbc372cf350803eb7359?s=96&d=mm&r=g","url":"https:\/\/secure.gravatar.com\/avatar\/a275282a4f49c72bf010c86afa10d9fd2bf7a834cc9dcbc372cf350803eb7359?s=96&d=mm&r=g","contentUrl":"https:\/\/secure.gravatar.com\/avatar\/a275282a4f49c72bf010c86afa10d9fd2bf7a834cc9dcbc372cf350803eb7359?s=96&d=mm&r=g","caption":"jfcaparros"},"url":"https:\/\/prayde.com\/empresa\/author\/jfcaparros\/"}]}},"_links":{"self":[{"href":"https:\/\/prayde.com\/empresa\/wp-json\/wp\/v2\/posts\/3172","targetHints":{"allow":["GET"]}}],"collection":[{"href":"https:\/\/prayde.com\/empresa\/wp-json\/wp\/v2\/posts"}],"about":[{"href":"https:\/\/prayde.com\/empresa\/wp-json\/wp\/v2\/types\/post"}],"author":[{"embeddable":true,"href":"https:\/\/prayde.com\/empresa\/wp-json\/wp\/v2\/users\/1"}],"replies":[{"embeddable":true,"href":"https:\/\/prayde.com\/empresa\/wp-json\/wp\/v2\/comments?post=3172"}],"version-history":[{"count":1,"href":"https:\/\/prayde.com\/empresa\/wp-json\/wp\/v2\/posts\/3172\/revisions"}],"predecessor-version":[{"id":3173,"href":"https:\/\/prayde.com\/empresa\/wp-json\/wp\/v2\/posts\/3172\/revisions\/3173"}],"wp:attachment":[{"href":"https:\/\/prayde.com\/empresa\/wp-json\/wp\/v2\/media?parent=3172"}],"wp:term":[{"taxonomy":"category","embeddable":true,"href":"https:\/\/prayde.com\/empresa\/wp-json\/wp\/v2\/categories?post=3172"},{"taxonomy":"post_tag","embeddable":true,"href":"https:\/\/prayde.com\/empresa\/wp-json\/wp\/v2\/tags?post=3172"}],"curies":[{"name":"wp","href":"https:\/\/api.w.org\/{rel}","templated":true}]}}