{"id":3118,"date":"2024-10-15T09:29:00","date_gmt":"2024-10-15T09:29:00","guid":{"rendered":"https:\/\/prayde.com\/empresa\/?p=3118"},"modified":"2024-10-14T08:36:27","modified_gmt":"2024-10-14T08:36:27","slug":"como-crear-una-cooperativa-de-vivienda","status":"publish","type":"post","link":"https:\/\/prayde.com\/empresa\/como-crear-una-cooperativa-de-vivienda\/","title":{"rendered":"\u00bfC\u00f3mo crear una Cooperativa de Vivienda?"},"content":{"rendered":"\n<h2 class=\"wp-block-heading\"><strong>Crear una Cooperativa de Vivienda<\/strong><\/h2>\n\n\n\n<p>Para crear una Cooperativa de Vivienda, que asocia a personas f\u00edsicas que precisen alojamiento y\/o locales para s\u00ed y las personas que con ellas convivan, hay una serie de pasos que dar<\/p>\n\n\n\n<figure class=\"wp-block-image size-large\"><a href=\"https:\/\/prayde.com\/empresa\/wp-content\/uploads\/2021\/08\/cropped-Screenshot_20190616_194201.jpg\"><img loading=\"lazy\" decoding=\"async\" width=\"1024\" height=\"225\" src=\"https:\/\/prayde.com\/empresa\/wp-content\/uploads\/2021\/08\/cropped-Screenshot_20190616_194201-1024x225.jpg\" alt=\"Crear una Cooperativa de Vivienda\" class=\"wp-image-1224\" srcset=\"https:\/\/prayde.com\/empresa\/wp-content\/uploads\/2021\/08\/cropped-Screenshot_20190616_194201-1024x225.jpg 1024w, https:\/\/prayde.com\/empresa\/wp-content\/uploads\/2021\/08\/cropped-Screenshot_20190616_194201-300x66.jpg 300w, https:\/\/prayde.com\/empresa\/wp-content\/uploads\/2021\/08\/cropped-Screenshot_20190616_194201-768x169.jpg 768w, https:\/\/prayde.com\/empresa\/wp-content\/uploads\/2021\/08\/cropped-Screenshot_20190616_194201-430x94.jpg 430w, https:\/\/prayde.com\/empresa\/wp-content\/uploads\/2021\/08\/cropped-Screenshot_20190616_194201.jpg 1503w\" sizes=\"auto, (max-width: 1024px) 100vw, 1024px\" \/><\/a><\/figure>\n\n\n\n<p>Pueden tener como objeto, incluso \u00fanico, en cuyo caso podr\u00e1n ser socios cualquier tipo de personas, el <strong>procurar edificaciones e instalaciones complementarias para el uso de viviendas y locales <\/strong>de los socios, la conservaci\u00f3n y administraci\u00f3n de las viviendas y locales, elementos, zonas o edificaciones comunes y la creaci\u00f3n y suministros de servicios complementarios, as\u00ed como la rehabilitaci\u00f3n de viviendas, locales y edificaciones e instalaciones complementarias<\/p>\n\n\n\n<p><strong>La <a href=\"https:\/\/www.boe.es\/buscar\/act.php?id=BOE-A-1999-15681\">Ley 27\/1999<\/a> de 16 de julio, de Cooperativas <\/strong>en su Art\u00edculo 7 indica el proceso de Constituci\u00f3n e inscripci\u00f3n.<\/p>\n\n\n\n<p>La sociedad cooperativa se constituir\u00e1 mediante <strong><u>escritura p\u00fablica<\/u><\/strong>, que deber\u00e1 ser <strong><u>inscrita<\/u><\/strong> en el <strong><u>Registro de Sociedades Cooperativas<\/u><\/strong> previsto en esta Ley. Con la inscripci\u00f3n adquirir\u00e1 personalidad jur\u00eddica.<\/p>\n\n\n\n<h2 class=\"wp-block-heading\"><strong>Tareas del gestor para constituir una Cooperativa de Vivienda<\/strong><\/h2>\n\n\n\n<ol start=\"1\" class=\"wp-block-list\">\n<li>Selecci\u00f3n de la <strong>denominaci\u00f3n de la Cooperativa<\/strong> y el domicilio social (generalmente es el del Gestor).<\/li>\n\n\n\n<li>\u00a0Solicitud al<strong> Registro de Cooperativas<\/strong> en la Comunidad Aut\u00f3noma correspondiente de que no existe otra Cooperativa con<br \/>id\u00e9ntica denominaci\u00f3n.<\/li>\n\n\n\n<li><strong>Elegir Notario<\/strong> para otorgar la correspondiente escritura p\u00fablica y seleccionar, en su caso, algunos pactos que se deseen incorporar a la escritura, o el mismo Reglamento de R\u00e9gimen Interior, As\u00ed como el contenido de los Estatutos cuyos l\u00edmites legales se pueden superar.<\/li>\n\n\n\n<li>E<strong>legir los socios fundadores<\/strong> personas f\u00edsicas. Y el Consejo Rector Abrir una <strong>cuenta corriente<\/strong> de la cooperativa \u00aben constitucion\u00bb<\/li>\n\n\n\n<li><strong>Ingresar las aportaciones de capital social<\/strong> de los socios fundadores<\/li>\n\n\n\n<li>Otorgar la <strong>escritura publica de constituci\u00f3n<\/strong><\/li>\n\n\n\n<li><strong>Liquidar <\/strong>en la CCAA correspondiente el<strong> Impuesto de Transmisiones Patrimoniales <\/strong>y Actos Jur\u00eddicos Documentados en su modalidad de Operaciones Societarias (OS) aun cuando este exento de este impuesto.<\/li>\n\n\n\n<li><strong>Presentaci\u00f3n en el Registro de cooperativas<\/strong> para su calificaci\u00f3n e inscripci\u00f3n<\/li>\n\n\n\n<li>Solicitar de la Hacienda P\u00fablica (AEAT) el <strong>CIF de la sociedad <\/strong>que consta de nueve caracteres, siendo el primero la letra F, para cooperativas. T\u00e9ngase en cuenta que la letra inicial del CIF caracteriza el tipo de sociedad<\/li>\n\n\n\n<li><strong>Dar de alta a la sociedad en el censo de actividades CNAE<\/strong> mediante el modelo de la HP n\u00ba 046<\/li>\n<\/ol>\n\n\n\n<p>En su caso<strong> dar de alta el Centro de Trabajo <\/strong>y a los trabajadores que puedan por cuenta ajena trabajando para la Cooperativa.<br \/><\/p>\n\n\n\n<p>En general todos estos trabajos son realizados habitualmente por el Gestor.<\/p>\n\n\n\n<p><a href=\"https:\/\/www.blogger.com\/null\">Todos estos temas est\u00e1n desarrollados con m\u00e1s profundidad en nuestros <strong>Cuadernos Pr\u00e1cticos Inmobiliarios (CPI)<\/strong>, concretamente en el <strong>\u201cCU39 <\/strong><\/a><strong>Funcionamiento Interno de una Cooperativa. Constituci\u00f3n, \u00d3rganos y Disoluci\u00f3n<\/strong>\u201d, y siguientes, al que se puede acceder desde nuestro BLOG\u00a0 \u00a0 <a href=\"https:\/\/prayde.com\/empresa\/cuadernos-por-temas\/\">Cuadernos del Promotor Inmobiliario<\/a><\/p>\n\n\n\n<p><strong>Vea un <a href=\"https:\/\/prayde.com\/Cuadernos\/Indice%20por%20Temas.pdf\">\u00cdndice de los CPI, por Temas<\/a><\/strong><\/p>\n\n\n\n<h2 class=\"wp-block-heading\"><strong>M\u00e1s entradas sobre este tema<\/strong><\/h2>\n\n\n\n<p>y otros relacionados con la actividad inmobiliaria y promotora en<\/p>\n\n\n\n<ul class=\"wp-block-list\">\n<li><strong>Spotify: Desmontando una promoci\u00f3n Inmobiliaria <a href=\"https:\/\/open.spotify.com\/show\/70rqfcJ5QURpunFnSnAlyd\">https:\/\/open.spotify.com\/show\/70rqfcJ5QURpunFnSnAlyd<\/a><\/strong><\/li>\n\n\n\n<li><strong>La Viabilidad de la Promocion Inmobiliaria <a href=\"https:\/\/prayde.com\/empresa\/busqueda-en-el-blog-viabilidad-de-la-promocion-inmobiliaria\/\">https:\/\/prayde.com\/empresa\/busqueda-en-el-blog-viabilidad-de-la-promocion-inmobiliaria\/<\/a><\/strong><\/li>\n\n\n\n<li><strong>Cuadernos del Promotor Inmobiliario en <a href=\"https:\/\/prayde.com\/empresa\/cuadernos-por-temas\/\">https:\/\/prayde.com\/empresa\/cuadernos-por-temas\/<\/a><\/strong><\/li>\n\n\n\n<li><strong>Software de An\u00e1lisis de Viabilidad de Promociones, Gestinmo, en <a href=\"https:\/\/prayde.com\/\">https:\/\/prayde.com<\/a><\/strong><\/li>\n\n\n\n<li><strong>B\u00fascanos en Twitter \u00a0<a href=\"https:\/\/www.youtube.com\/redirect?event=video_description&amp;redir_token=QUFFLUhqa00wa3NVcmk1NlFiZmpnMDNVLUZTRXFMTmR4Z3xBQ3Jtc0tuZmhUU3J5ZmZUc2x6YTFMbVZwRjVjTFNZTEZ6N0RLVTdBRk92TnpjSHZTbllMZVA3TnlfR2NGdnFLLXdYSmp4eUQ4V292dWRXdm9mc0xnLWRjcS1TcGxqQ0lSSmZxQ2dWNFUzQUlxbnNZUEhnUW1zYw&amp;q=https%3A%2F%2Ftwitter.com%2FPraydeG\" target=\"_blank\" rel=\"noreferrer noopener\">https:\/\/twitter.com\/PraydeG<\/a> @PraydeG<\/strong><\/li>\n\n\n\n<li><strong>Y en nuestros canales de YouTube <a href=\"https:\/\/www.youtube.com\/playlist?list=PL2rXgOV0kih4ImgRs2ky77CTbkIblLX36\">https:\/\/www.youtube.com\/playlist?list=PL2rXgOV0kih4ImgRs2ky77CTbkIblLX36<\/a><\/strong><\/li>\n<\/ul>\n","protected":false},"excerpt":{"rendered":"<p>Crear una Cooperativa de Vivienda Para crear una Cooperativa de Vivienda, que asocia a personas f\u00edsicas que precisen alojamiento y\/o locales para s\u00ed y las personas que con ellas convivan,\u2026 <a class=\"continue-reading-link\" href=\"https:\/\/prayde.com\/empresa\/como-crear-una-cooperativa-de-vivienda\/\">Continue leyendo<\/a><\/p>\n","protected":false},"author":1,"featured_media":0,"comment_status":"open","ping_status":"closed","sticky":false,"template":"","format":"standard","meta":{"footnotes":""},"categories":[1],"tags":[36,17,19,21],"class_list":["post-3118","post","type-post","status-publish","format-standard","hentry","category-sin-categoria","tag-cooperativas","tag-cuadernos-practicos","tag-legislacion","tag-vivienda"],"yoast_head":"<!-- This site is optimized with the Yoast SEO plugin v27.5 - https:\/\/yoast.com\/product\/yoast-seo-wordpress\/ -->\n<title>\u00bfC\u00f3mo crear una Cooperativa de Vivienda? - Gestinmo<\/title>\n<meta name=\"description\" content=\"Para crear una Cooperativa de Vivienda La Ley 27\/1999 de 16 de julio, de Cooperativas indica el proceso de Constituci\u00f3n e inscripci\u00f3n\" \/>\n<meta name=\"robots\" content=\"index, follow, max-snippet:-1, max-image-preview:large, max-video-preview:-1\" \/>\n<link rel=\"canonical\" href=\"https:\/\/prayde.com\/empresa\/como-crear-una-cooperativa-de-vivienda\/\" \/>\n<meta property=\"og:locale\" content=\"es_ES\" \/>\n<meta property=\"og:type\" content=\"article\" \/>\n<meta property=\"og:title\" content=\"\u00bfC\u00f3mo crear una Cooperativa de Vivienda? - Gestinmo\" \/>\n<meta property=\"og:description\" content=\"Para crear una Cooperativa de Vivienda La Ley 27\/1999 de 16 de julio, de Cooperativas indica el proceso de Constituci\u00f3n e inscripci\u00f3n\" \/>\n<meta property=\"og:url\" content=\"https:\/\/prayde.com\/empresa\/como-crear-una-cooperativa-de-vivienda\/\" \/>\n<meta property=\"og:site_name\" content=\"Gestinmo\" \/>\n<meta property=\"article:published_time\" content=\"2024-10-15T09:29:00+00:00\" \/>\n<meta property=\"og:image\" content=\"https:\/\/prayde.com\/empresa\/wp-content\/uploads\/2021\/08\/cropped-Screenshot_20190616_194201.jpg\" \/>\n\t<meta property=\"og:image:width\" content=\"1503\" \/>\n\t<meta property=\"og:image:height\" content=\"330\" \/>\n\t<meta property=\"og:image:type\" content=\"image\/jpeg\" \/>\n<meta name=\"author\" content=\"jfcaparros\" \/>\n<meta name=\"twitter:card\" content=\"summary_large_image\" \/>\n<meta name=\"twitter:label1\" content=\"Escrito por\" \/>\n\t<meta name=\"twitter:data1\" content=\"jfcaparros\" \/>\n\t<meta name=\"twitter:label2\" content=\"Tiempo de lectura\" \/>\n\t<meta name=\"twitter:data2\" content=\"3 minutos\" \/>\n<script type=\"application\/ld+json\" class=\"yoast-schema-graph\">{\"@context\":\"https:\\\/\\\/schema.org\",\"@graph\":[{\"@type\":\"Article\",\"@id\":\"https:\\\/\\\/prayde.com\\\/empresa\\\/como-crear-una-cooperativa-de-vivienda\\\/#article\",\"isPartOf\":{\"@id\":\"https:\\\/\\\/prayde.com\\\/empresa\\\/como-crear-una-cooperativa-de-vivienda\\\/\"},\"author\":{\"name\":\"jfcaparros\",\"@id\":\"https:\\\/\\\/prayde.com\\\/empresa\\\/#\\\/schema\\\/person\\\/f8e0c96aaf660cad78380e9d37850f22\"},\"headline\":\"\u00bfC\u00f3mo crear una Cooperativa de Vivienda?\",\"datePublished\":\"2024-10-15T09:29:00+00:00\",\"mainEntityOfPage\":{\"@id\":\"https:\\\/\\\/prayde.com\\\/empresa\\\/como-crear-una-cooperativa-de-vivienda\\\/\"},\"wordCount\":578,\"commentCount\":0,\"publisher\":{\"@id\":\"https:\\\/\\\/prayde.com\\\/empresa\\\/#organization\"},\"image\":{\"@id\":\"https:\\\/\\\/prayde.com\\\/empresa\\\/como-crear-una-cooperativa-de-vivienda\\\/#primaryimage\"},\"thumbnailUrl\":\"https:\\\/\\\/prayde.com\\\/empresa\\\/wp-content\\\/uploads\\\/2021\\\/08\\\/cropped-Screenshot_20190616_194201-1024x225.jpg\",\"keywords\":[\"Cooperativas\",\"Cuadernos Practicos\",\"legislacion\",\"vivienda\"],\"inLanguage\":\"es\",\"potentialAction\":[{\"@type\":\"CommentAction\",\"name\":\"Comment\",\"target\":[\"https:\\\/\\\/prayde.com\\\/empresa\\\/como-crear-una-cooperativa-de-vivienda\\\/#respond\"]}]},{\"@type\":\"WebPage\",\"@id\":\"https:\\\/\\\/prayde.com\\\/empresa\\\/como-crear-una-cooperativa-de-vivienda\\\/\",\"url\":\"https:\\\/\\\/prayde.com\\\/empresa\\\/como-crear-una-cooperativa-de-vivienda\\\/\",\"name\":\"\u00bfC\u00f3mo crear una Cooperativa de Vivienda? - Gestinmo\",\"isPartOf\":{\"@id\":\"https:\\\/\\\/prayde.com\\\/empresa\\\/#website\"},\"primaryImageOfPage\":{\"@id\":\"https:\\\/\\\/prayde.com\\\/empresa\\\/como-crear-una-cooperativa-de-vivienda\\\/#primaryimage\"},\"image\":{\"@id\":\"https:\\\/\\\/prayde.com\\\/empresa\\\/como-crear-una-cooperativa-de-vivienda\\\/#primaryimage\"},\"thumbnailUrl\":\"https:\\\/\\\/prayde.com\\\/empresa\\\/wp-content\\\/uploads\\\/2021\\\/08\\\/cropped-Screenshot_20190616_194201-1024x225.jpg\",\"datePublished\":\"2024-10-15T09:29:00+00:00\",\"description\":\"Para crear una Cooperativa de Vivienda La Ley 27\\\/1999 de 16 de julio, de Cooperativas indica el proceso de Constituci\u00f3n e inscripci\u00f3n\",\"breadcrumb\":{\"@id\":\"https:\\\/\\\/prayde.com\\\/empresa\\\/como-crear-una-cooperativa-de-vivienda\\\/#breadcrumb\"},\"inLanguage\":\"es\",\"potentialAction\":[{\"@type\":\"ReadAction\",\"target\":[\"https:\\\/\\\/prayde.com\\\/empresa\\\/como-crear-una-cooperativa-de-vivienda\\\/\"]}]},{\"@type\":\"ImageObject\",\"inLanguage\":\"es\",\"@id\":\"https:\\\/\\\/prayde.com\\\/empresa\\\/como-crear-una-cooperativa-de-vivienda\\\/#primaryimage\",\"url\":\"https:\\\/\\\/prayde.com\\\/empresa\\\/wp-content\\\/uploads\\\/2021\\\/08\\\/cropped-Screenshot_20190616_194201.jpg\",\"contentUrl\":\"https:\\\/\\\/prayde.com\\\/empresa\\\/wp-content\\\/uploads\\\/2021\\\/08\\\/cropped-Screenshot_20190616_194201.jpg\",\"width\":1503,\"height\":330},{\"@type\":\"BreadcrumbList\",\"@id\":\"https:\\\/\\\/prayde.com\\\/empresa\\\/como-crear-una-cooperativa-de-vivienda\\\/#breadcrumb\",\"itemListElement\":[{\"@type\":\"ListItem\",\"position\":1,\"name\":\"Portada\",\"item\":\"https:\\\/\\\/prayde.com\\\/empresa\\\/\"},{\"@type\":\"ListItem\",\"position\":2,\"name\":\"\u00bfC\u00f3mo crear una Cooperativa de Vivienda?\"}]},{\"@type\":\"WebSite\",\"@id\":\"https:\\\/\\\/prayde.com\\\/empresa\\\/#website\",\"url\":\"https:\\\/\\\/prayde.com\\\/empresa\\\/\",\"name\":\"Gestinmo\",\"description\":\"Analizar la Rentabilidad y Riesgos de una Promocion Inmobiliaria\",\"publisher\":{\"@id\":\"https:\\\/\\\/prayde.com\\\/empresa\\\/#organization\"},\"potentialAction\":[{\"@type\":\"SearchAction\",\"target\":{\"@type\":\"EntryPoint\",\"urlTemplate\":\"https:\\\/\\\/prayde.com\\\/empresa\\\/?s={search_term_string}\"},\"query-input\":{\"@type\":\"PropertyValueSpecification\",\"valueRequired\":true,\"valueName\":\"search_term_string\"}}],\"inLanguage\":\"es\"},{\"@type\":\"Organization\",\"@id\":\"https:\\\/\\\/prayde.com\\\/empresa\\\/#organization\",\"name\":\"Gestinmo\",\"url\":\"https:\\\/\\\/prayde.com\\\/empresa\\\/\",\"logo\":{\"@type\":\"ImageObject\",\"inLanguage\":\"es\",\"@id\":\"https:\\\/\\\/prayde.com\\\/empresa\\\/#\\\/schema\\\/logo\\\/image\\\/\",\"url\":\"https:\\\/\\\/prayde.com\\\/empresa\\\/wp-content\\\/uploads\\\/2018\\\/12\\\/cropped-cropped-Prayde-Pe.jpg\",\"contentUrl\":\"https:\\\/\\\/prayde.com\\\/empresa\\\/wp-content\\\/uploads\\\/2018\\\/12\\\/cropped-cropped-Prayde-Pe.jpg\",\"width\":512,\"height\":512,\"caption\":\"Gestinmo\"},\"image\":{\"@id\":\"https:\\\/\\\/prayde.com\\\/empresa\\\/#\\\/schema\\\/logo\\\/image\\\/\"}},{\"@type\":\"Person\",\"@id\":\"https:\\\/\\\/prayde.com\\\/empresa\\\/#\\\/schema\\\/person\\\/f8e0c96aaf660cad78380e9d37850f22\",\"name\":\"jfcaparros\",\"image\":{\"@type\":\"ImageObject\",\"inLanguage\":\"es\",\"@id\":\"https:\\\/\\\/secure.gravatar.com\\\/avatar\\\/a275282a4f49c72bf010c86afa10d9fd2bf7a834cc9dcbc372cf350803eb7359?s=96&d=mm&r=g\",\"url\":\"https:\\\/\\\/secure.gravatar.com\\\/avatar\\\/a275282a4f49c72bf010c86afa10d9fd2bf7a834cc9dcbc372cf350803eb7359?s=96&d=mm&r=g\",\"contentUrl\":\"https:\\\/\\\/secure.gravatar.com\\\/avatar\\\/a275282a4f49c72bf010c86afa10d9fd2bf7a834cc9dcbc372cf350803eb7359?s=96&d=mm&r=g\",\"caption\":\"jfcaparros\"},\"url\":\"https:\\\/\\\/prayde.com\\\/empresa\\\/author\\\/jfcaparros\\\/\"}]}<\/script>\n<!-- \/ Yoast SEO plugin. -->","yoast_head_json":{"title":"\u00bfC\u00f3mo crear una Cooperativa de Vivienda? - Gestinmo","description":"Para crear una Cooperativa de Vivienda La Ley 27\/1999 de 16 de julio, de Cooperativas indica el proceso de Constituci\u00f3n e inscripci\u00f3n","robots":{"index":"index","follow":"follow","max-snippet":"max-snippet:-1","max-image-preview":"max-image-preview:large","max-video-preview":"max-video-preview:-1"},"canonical":"https:\/\/prayde.com\/empresa\/como-crear-una-cooperativa-de-vivienda\/","og_locale":"es_ES","og_type":"article","og_title":"\u00bfC\u00f3mo crear una Cooperativa de Vivienda? - Gestinmo","og_description":"Para crear una Cooperativa de Vivienda La Ley 27\/1999 de 16 de julio, de Cooperativas indica el proceso de Constituci\u00f3n e inscripci\u00f3n","og_url":"https:\/\/prayde.com\/empresa\/como-crear-una-cooperativa-de-vivienda\/","og_site_name":"Gestinmo","article_published_time":"2024-10-15T09:29:00+00:00","og_image":[{"width":1503,"height":330,"url":"https:\/\/prayde.com\/empresa\/wp-content\/uploads\/2021\/08\/cropped-Screenshot_20190616_194201.jpg","type":"image\/jpeg"}],"author":"jfcaparros","twitter_card":"summary_large_image","twitter_misc":{"Escrito por":"jfcaparros","Tiempo de lectura":"3 minutos"},"schema":{"@context":"https:\/\/schema.org","@graph":[{"@type":"Article","@id":"https:\/\/prayde.com\/empresa\/como-crear-una-cooperativa-de-vivienda\/#article","isPartOf":{"@id":"https:\/\/prayde.com\/empresa\/como-crear-una-cooperativa-de-vivienda\/"},"author":{"name":"jfcaparros","@id":"https:\/\/prayde.com\/empresa\/#\/schema\/person\/f8e0c96aaf660cad78380e9d37850f22"},"headline":"\u00bfC\u00f3mo crear una Cooperativa de Vivienda?","datePublished":"2024-10-15T09:29:00+00:00","mainEntityOfPage":{"@id":"https:\/\/prayde.com\/empresa\/como-crear-una-cooperativa-de-vivienda\/"},"wordCount":578,"commentCount":0,"publisher":{"@id":"https:\/\/prayde.com\/empresa\/#organization"},"image":{"@id":"https:\/\/prayde.com\/empresa\/como-crear-una-cooperativa-de-vivienda\/#primaryimage"},"thumbnailUrl":"https:\/\/prayde.com\/empresa\/wp-content\/uploads\/2021\/08\/cropped-Screenshot_20190616_194201-1024x225.jpg","keywords":["Cooperativas","Cuadernos Practicos","legislacion","vivienda"],"inLanguage":"es","potentialAction":[{"@type":"CommentAction","name":"Comment","target":["https:\/\/prayde.com\/empresa\/como-crear-una-cooperativa-de-vivienda\/#respond"]}]},{"@type":"WebPage","@id":"https:\/\/prayde.com\/empresa\/como-crear-una-cooperativa-de-vivienda\/","url":"https:\/\/prayde.com\/empresa\/como-crear-una-cooperativa-de-vivienda\/","name":"\u00bfC\u00f3mo crear una Cooperativa de Vivienda? - Gestinmo","isPartOf":{"@id":"https:\/\/prayde.com\/empresa\/#website"},"primaryImageOfPage":{"@id":"https:\/\/prayde.com\/empresa\/como-crear-una-cooperativa-de-vivienda\/#primaryimage"},"image":{"@id":"https:\/\/prayde.com\/empresa\/como-crear-una-cooperativa-de-vivienda\/#primaryimage"},"thumbnailUrl":"https:\/\/prayde.com\/empresa\/wp-content\/uploads\/2021\/08\/cropped-Screenshot_20190616_194201-1024x225.jpg","datePublished":"2024-10-15T09:29:00+00:00","description":"Para crear una Cooperativa de Vivienda La Ley 27\/1999 de 16 de julio, de Cooperativas indica el proceso de Constituci\u00f3n e inscripci\u00f3n","breadcrumb":{"@id":"https:\/\/prayde.com\/empresa\/como-crear-una-cooperativa-de-vivienda\/#breadcrumb"},"inLanguage":"es","potentialAction":[{"@type":"ReadAction","target":["https:\/\/prayde.com\/empresa\/como-crear-una-cooperativa-de-vivienda\/"]}]},{"@type":"ImageObject","inLanguage":"es","@id":"https:\/\/prayde.com\/empresa\/como-crear-una-cooperativa-de-vivienda\/#primaryimage","url":"https:\/\/prayde.com\/empresa\/wp-content\/uploads\/2021\/08\/cropped-Screenshot_20190616_194201.jpg","contentUrl":"https:\/\/prayde.com\/empresa\/wp-content\/uploads\/2021\/08\/cropped-Screenshot_20190616_194201.jpg","width":1503,"height":330},{"@type":"BreadcrumbList","@id":"https:\/\/prayde.com\/empresa\/como-crear-una-cooperativa-de-vivienda\/#breadcrumb","itemListElement":[{"@type":"ListItem","position":1,"name":"Portada","item":"https:\/\/prayde.com\/empresa\/"},{"@type":"ListItem","position":2,"name":"\u00bfC\u00f3mo crear una Cooperativa de Vivienda?"}]},{"@type":"WebSite","@id":"https:\/\/prayde.com\/empresa\/#website","url":"https:\/\/prayde.com\/empresa\/","name":"Gestinmo","description":"Analizar la Rentabilidad y Riesgos de una Promocion Inmobiliaria","publisher":{"@id":"https:\/\/prayde.com\/empresa\/#organization"},"potentialAction":[{"@type":"SearchAction","target":{"@type":"EntryPoint","urlTemplate":"https:\/\/prayde.com\/empresa\/?s={search_term_string}"},"query-input":{"@type":"PropertyValueSpecification","valueRequired":true,"valueName":"search_term_string"}}],"inLanguage":"es"},{"@type":"Organization","@id":"https:\/\/prayde.com\/empresa\/#organization","name":"Gestinmo","url":"https:\/\/prayde.com\/empresa\/","logo":{"@type":"ImageObject","inLanguage":"es","@id":"https:\/\/prayde.com\/empresa\/#\/schema\/logo\/image\/","url":"https:\/\/prayde.com\/empresa\/wp-content\/uploads\/2018\/12\/cropped-cropped-Prayde-Pe.jpg","contentUrl":"https:\/\/prayde.com\/empresa\/wp-content\/uploads\/2018\/12\/cropped-cropped-Prayde-Pe.jpg","width":512,"height":512,"caption":"Gestinmo"},"image":{"@id":"https:\/\/prayde.com\/empresa\/#\/schema\/logo\/image\/"}},{"@type":"Person","@id":"https:\/\/prayde.com\/empresa\/#\/schema\/person\/f8e0c96aaf660cad78380e9d37850f22","name":"jfcaparros","image":{"@type":"ImageObject","inLanguage":"es","@id":"https:\/\/secure.gravatar.com\/avatar\/a275282a4f49c72bf010c86afa10d9fd2bf7a834cc9dcbc372cf350803eb7359?s=96&d=mm&r=g","url":"https:\/\/secure.gravatar.com\/avatar\/a275282a4f49c72bf010c86afa10d9fd2bf7a834cc9dcbc372cf350803eb7359?s=96&d=mm&r=g","contentUrl":"https:\/\/secure.gravatar.com\/avatar\/a275282a4f49c72bf010c86afa10d9fd2bf7a834cc9dcbc372cf350803eb7359?s=96&d=mm&r=g","caption":"jfcaparros"},"url":"https:\/\/prayde.com\/empresa\/author\/jfcaparros\/"}]}},"_links":{"self":[{"href":"https:\/\/prayde.com\/empresa\/wp-json\/wp\/v2\/posts\/3118","targetHints":{"allow":["GET"]}}],"collection":[{"href":"https:\/\/prayde.com\/empresa\/wp-json\/wp\/v2\/posts"}],"about":[{"href":"https:\/\/prayde.com\/empresa\/wp-json\/wp\/v2\/types\/post"}],"author":[{"embeddable":true,"href":"https:\/\/prayde.com\/empresa\/wp-json\/wp\/v2\/users\/1"}],"replies":[{"embeddable":true,"href":"https:\/\/prayde.com\/empresa\/wp-json\/wp\/v2\/comments?post=3118"}],"version-history":[{"count":1,"href":"https:\/\/prayde.com\/empresa\/wp-json\/wp\/v2\/posts\/3118\/revisions"}],"predecessor-version":[{"id":3119,"href":"https:\/\/prayde.com\/empresa\/wp-json\/wp\/v2\/posts\/3118\/revisions\/3119"}],"wp:attachment":[{"href":"https:\/\/prayde.com\/empresa\/wp-json\/wp\/v2\/media?parent=3118"}],"wp:term":[{"taxonomy":"category","embeddable":true,"href":"https:\/\/prayde.com\/empresa\/wp-json\/wp\/v2\/categories?post=3118"},{"taxonomy":"post_tag","embeddable":true,"href":"https:\/\/prayde.com\/empresa\/wp-json\/wp\/v2\/tags?post=3118"}],"curies":[{"name":"wp","href":"https:\/\/api.w.org\/{rel}","templated":true}]}}