{"id":3113,"date":"2024-10-01T09:03:45","date_gmt":"2024-10-01T09:03:45","guid":{"rendered":"https:\/\/prayde.com\/empresa\/?p=3113"},"modified":"2024-09-30T09:12:24","modified_gmt":"2024-09-30T09:12:24","slug":"que-sabes-de-la-declaracion-de-obra-nueva","status":"publish","type":"post","link":"https:\/\/prayde.com\/empresa\/que-sabes-de-la-declaracion-de-obra-nueva\/","title":{"rendered":"\u00bfQu\u00e9 sabes de la Declaraci\u00f3n de Obra Nueva?"},"content":{"rendered":"\n<h2 class=\"wp-block-heading\">Declaraci\u00f3n de Obra Nueva<\/h2>\n\n\n\n<p>La declaraci\u00f3n de Obra Nueva es un <strong>acto jur\u00eddico que todo propietario de una finca est\u00e1 obligado a realizar<\/strong> para que en el Registro de la Propiedad en el folio correspondiente a esa finca registral, el <strong>Registrador realice una anotaci\u00f3n de que se est\u00e1 construyendo una edificaci\u00f3n<\/strong> de determinadas proporciones y caracter\u00edsticas, para que as\u00ed conste a todos los interesados<\/p>\n\n\n\n<figure class=\"wp-block-image size-medium\"><a href=\"https:\/\/prayde.com\/empresa\/wp-content\/uploads\/2012\/01\/helloquence-OQMZwNd3ThU-unsplash.jpg\"><img loading=\"lazy\" decoding=\"async\" width=\"300\" height=\"200\" src=\"https:\/\/prayde.com\/empresa\/wp-content\/uploads\/2012\/01\/helloquence-OQMZwNd3ThU-unsplash-300x200.jpg\" alt=\"Declaraci\u00f3n de Obra Nueva\" class=\"wp-image-2018\" srcset=\"https:\/\/prayde.com\/empresa\/wp-content\/uploads\/2012\/01\/helloquence-OQMZwNd3ThU-unsplash-300x200.jpg 300w, https:\/\/prayde.com\/empresa\/wp-content\/uploads\/2012\/01\/helloquence-OQMZwNd3ThU-unsplash-1024x683.jpg 1024w, https:\/\/prayde.com\/empresa\/wp-content\/uploads\/2012\/01\/helloquence-OQMZwNd3ThU-unsplash-768x512.jpg 768w, https:\/\/prayde.com\/empresa\/wp-content\/uploads\/2012\/01\/helloquence-OQMZwNd3ThU-unsplash-1536x1025.jpg 1536w, https:\/\/prayde.com\/empresa\/wp-content\/uploads\/2012\/01\/helloquence-OQMZwNd3ThU-unsplash-2048x1366.jpg 2048w, https:\/\/prayde.com\/empresa\/wp-content\/uploads\/2012\/01\/helloquence-OQMZwNd3ThU-unsplash-225x150.jpg 225w, https:\/\/prayde.com\/empresa\/wp-content\/uploads\/2012\/01\/helloquence-OQMZwNd3ThU-unsplash-150x100.jpg 150w\" sizes=\"auto, (max-width: 300px) 100vw, 300px\" \/><\/a><figcaption class=\"wp-element-caption\">Declaraci\u00f3n de Obra Nueva<\/figcaption><\/figure>\n\n\n\n<p>El <a href=\"https:\/\/www.boe.es\/boe\/dias\/2015\/10\/31\/pdfs\/BOE-A-2015-11723.pdf\">Real Decreto Legislativo 7\/2015<\/a>, de 30 de octubre que aprueba el <strong>Texto refundido de la Ley de Suelo y Rehabilitaci\u00f3n Urbana<\/strong> afecta en <strong>Art\u00edculo 28. Declaraci\u00f3n de obra nueva<\/strong><\/p>\n\n\n\n<p>Para autorizar <strong>escrituras de declaraci\u00f3n de obra nueva en construcci\u00f3n<\/strong>, los notarios exigir\u00e1n,<\/p>\n\n\n\n<ol class=\"wp-block-list\">\n<li><strong>autorizaci\u00f3n administrativa que requiera la obra<\/strong><\/li>\n\n\n\n<li><strong>certificaci\u00f3n<\/strong> expedida por t\u00e9cnico competente y acreditativa del <strong>ajuste de la descripci\u00f3n de la obra al proyecto<\/strong> que haya sido objeto de dicho acto administrativo.<\/li>\n<\/ol>\n\n\n\n<h2 class=\"wp-block-heading\"><strong>Documentaci\u00f3n exigida por el notario <\/strong>\u00a0<\/h2>\n\n\n\n<ol style=\"list-style-type:lower-alpha\" class=\"wp-block-list\">\n<li><strong>Original de la Licencia de Obras<\/strong> otorgada por el Ayuntamiento<\/li>\n\n\n\n<li><strong>Certificado<\/strong> o manifestaci\u00f3n personal a incluir en la propia escritura, del <strong>Arquitecto<\/strong>, autor del proyecto manifestando que <strong>la obra se va a construir de acuerdo a dicho proyecto<\/strong> para el que ha sido concedida la licencia de obra correspondiente.<\/li>\n\n\n\n<li><strong>Proyecto<\/strong> con el que se ha obtenido la licencia de obras; fundamentalmente Planos y alzados de las fachadas del edificio que permitan una f\u00e1cil identificaci\u00f3n y rese\u00f1a de sus caracter\u00edsticas principales, como son:\n<ul class=\"wp-block-list\">\n<li><strong>Superficie<\/strong> de parcela privada.<\/li>\n\n\n\n<li>Superficie de <strong>ocupaci\u00f3n del edificio en la parcela en planta baja<\/strong> asi como la de las proyecciones, en su caso, de las plantas de pisos y de las plantas s\u00f3tano.<\/li>\n\n\n\n<li>\u00a0<strong>Numero de s\u00f3tanos<\/strong>\u00a0 y el uso de cada uno, as\u00ed como, en su caso, el n\u00famero de aparcamientos y\/o trasteros existentes, n\u00famero de trasteros y\/o plazas de garaje y superficie atribuida a cada uso<\/li>\n\n\n\n<li><strong>Planta baja<\/strong>. Con el n\u00famero de portales y el de escaleras por portal, asi como el n\u00famero de ascensores y montacargas por escalera, el n\u00famero de viviendas y el n\u00famero de locales.<\/li>\n\n\n\n<li><strong>Entreplanta<\/strong>, si existe, y su asignaci\u00f3n a vivienda de planta baja o a locales.<\/li>\n\n\n\n<li><strong>N\u00famero de plantas normales<\/strong> sobre Rasante con el n\u00famero de viviendas por planta.<\/li>\n\n\n\n<li>Si existen, <strong>plantas \u00e1tico<\/strong> o sobre\u00e1tico y n\u00famero de viviendas en cada ubicaci\u00f3n.<\/li>\n\n\n\n<li>Si existen, <strong>viviendas d\u00faplex<\/strong> (una encima de otra comunicadas interiormente) o pisos bajo cubierta o abuhardillados.<\/li>\n<\/ul>\n<\/li>\n<\/ol>\n\n\n\n<p>Esta ser\u00e1 la <strong>descripci\u00f3n general de un edificio <\/strong>\u00fanico, en una parcela, pero <strong>pueden existir mas de un edificio de la misma parcela<\/strong> que comparten el uso de todos los espacios no ocupados por las edificaciones e incluidos dentro de los limites privados de la parcela, que se convierten en espacios comunes de todas las viviendas y locales incluidos en ella. Se constituyen asi las denominadas vulgarmente <strong>urbanizaciones privadas, tambi\u00e9n llamadas complejos inmobiliarios privados,<\/strong> a los que m\u00e1s adelante no referiremos.<\/p>\n\n\n\n<ul class=\"wp-block-list\">\n<li><strong>Valor total de las obras<\/strong> que deber\u00e1 estimar el promotor.<\/li>\n<\/ul>\n\n\n\n<p>En este \u00faltimo punto se <strong>aconseja<\/strong> que el promotor estime <strong>id\u00e9ntico importe que el que figura en la Licencia<\/strong> Municipal de Obras y que coincide, generalmente, con el Coste de Ejecuci\u00f3n Material de las mismas que figura en el presupuesto de proyecto que, el Arquitecto deber\u00eda desglosar en su \u00faltima hoja con el siguiente desglose:<\/p>\n\n\n\n<ol style=\"list-style-type:lower-alpha\" class=\"wp-block-list\">\n<li>Presupuesto de Ejecuci\u00f3n Material<\/li>\n\n\n\n<li>Presupuesto de Contrata, suponiendo unos gastos generales del contratista del 14 % y un beneficio del contratista del 6 %<\/li>\n\n\n\n<li>Honorarios por Proyecto y Direcci\u00f3n de Obra de Arquitectos y Aparejadores.<\/li>\n\n\n\n<li>Y, como suma final, el Presupuesto Total de la Obra<\/li>\n<\/ol>\n\n\n\n<h2 class=\"wp-block-heading\"><strong>En la declaraci\u00f3n de obra nueva terminada, exigir\u00e1n<\/strong><\/h2>\n\n\n\n<ol class=\"wp-block-list\">\n<li><strong>certificaci\u00f3n<\/strong> expedida por t\u00e9cnico competente acreditativa de la <strong>finalizaci\u00f3n de \u00e9sta conforme a la descripci\u00f3n del proyecto<\/strong> (Certificaci\u00f3n de Fin de Obra)<\/li>\n\n\n\n<li><strong>el cumplimiento de todos los requisitos<\/strong> impuestos por la legislaci\u00f3n <strong>para la entrega de \u00e9sta a sus usuarios (Leyes Auton\u00f3micas)<\/strong><\/li>\n\n\n\n<li>otorgamiento de las <strong>autorizaciones administrativas necesarias<\/strong> para garantizar que la <strong>edificaci\u00f3n re\u00fane las condiciones necesarias para su destino al uso previsto (Licencia de Primera ocupaci\u00f3n)<\/strong><\/li>\n<\/ol>\n\n\n\n<p>Todos estos temas est\u00e1n desarrollados con m\u00e1s profundidad en nuestros <strong>Cuadernos Pr\u00e1cticos Inmobiliarios (CPI)<\/strong>, concretamente en el CPI 39 \u201cR\u00e9gimen de Propiedad Horizontal en Edificios\u201d al que se puede acceder desde nuestro BLOG&nbsp; <a href=\"https:\/\/prayde.com\/empresa\/cuadernos-por-temas\/\">Cuadernos del Promotor Inmobiliario<\/a><\/p>\n\n\n\n<p><strong>Vea un <a href=\"https:\/\/prayde.com\/Cuadernos\/Indice%20por%20Temas.pdf\">\u00cdndice de los CPI, por Temas<\/a><\/strong><\/p>\n\n\n\n<h2 class=\"wp-block-heading\"><strong>M\u00e1s entradas sobre este tema<\/strong><\/h2>\n\n\n\n<p>y otros relacionados con la actividad inmobiliaria y promotora en<\/p>\n\n\n\n<ul class=\"wp-block-list\">\n<li><strong>Spotify: Desmontando una promoci\u00f3n Inmobiliaria <a href=\"https:\/\/open.spotify.com\/show\/70rqfcJ5QURpunFnSnAlyd\">https:\/\/open.spotify.com\/show\/70rqfcJ5QURpunFnSnAlyd<\/a><\/strong><\/li>\n\n\n\n<li><strong>La Viabilidad de la Promocion Inmobiliaria <a href=\"https:\/\/prayde.com\/empresa\/busqueda-en-el-blog-viabilidad-de-la-promocion-inmobiliaria\/\">https:\/\/prayde.com\/empresa\/busqueda-en-el-blog-viabilidad-de-la-promocion-inmobiliaria\/<\/a><\/strong><\/li>\n\n\n\n<li><strong>Cuadernos del Promotor Inmobiliario en <a href=\"https:\/\/prayde.com\/empresa\/cuadernos-por-temas\/\">https:\/\/prayde.com\/empresa\/cuadernos-por-temas\/<\/a><\/strong><\/li>\n\n\n\n<li><strong>Software de An\u00e1lisis de Viabilidad de Promociones, Gestinmo, en <a href=\"https:\/\/prayde.com\/\">https:\/\/prayde.com<\/a><\/strong><\/li>\n\n\n\n<li><strong>B\u00fascanos en Twitter \u00a0<a href=\"https:\/\/www.youtube.com\/redirect?event=video_description&amp;redir_token=QUFFLUhqa00wa3NVcmk1NlFiZmpnMDNVLUZTRXFMTmR4Z3xBQ3Jtc0tuZmhUU3J5ZmZUc2x6YTFMbVZwRjVjTFNZTEZ6N0RLVTdBRk92TnpjSHZTbllMZVA3TnlfR2NGdnFLLXdYSmp4eUQ4V292dWRXdm9mc0xnLWRjcS1TcGxqQ0lSSmZxQ2dWNFUzQUlxbnNZUEhnUW1zYw&amp;q=https%3A%2F%2Ftwitter.com%2FPraydeG\" target=\"_blank\" rel=\"noreferrer noopener\">https:\/\/twitter.com\/PraydeG<\/a> @PraydeG<\/strong><\/li>\n\n\n\n<li><strong>Y en nuestros canales de YouTube <a href=\"https:\/\/www.youtube.com\/playlist?list=PL2rXgOV0kih4ImgRs2ky77CTbkIblLX36\">https:\/\/www.youtube.com\/playlist?list=PL2rXgOV0kih4ImgRs2ky77CTbkIblLX36<\/a><\/strong><\/li>\n<\/ul>\n","protected":false},"excerpt":{"rendered":"<p>Declaraci\u00f3n de Obra Nueva La declaraci\u00f3n de Obra Nueva es un acto jur\u00eddico que todo propietario de una finca est\u00e1 obligado a realizar para que en el Registro de la\u2026 <a class=\"continue-reading-link\" href=\"https:\/\/prayde.com\/empresa\/que-sabes-de-la-declaracion-de-obra-nueva\/\">Continue leyendo<\/a><\/p>\n","protected":false},"author":1,"featured_media":0,"comment_status":"open","ping_status":"closed","sticky":false,"template":"","format":"standard","meta":{"footnotes":""},"categories":[1],"tags":[17,19,21],"class_list":["post-3113","post","type-post","status-publish","format-standard","hentry","category-sin-categoria","tag-cuadernos-practicos","tag-legislacion","tag-vivienda"],"yoast_head":"<!-- This site is optimized with the Yoast SEO plugin v27.5 - https:\/\/yoast.com\/product\/yoast-seo-wordpress\/ -->\n<title>\u00bfQu\u00e9 sabes de la Declaraci\u00f3n de Obra Nueva? - Gestinmo<\/title>\n<meta name=\"description\" content=\"La declaraci\u00f3n de Obra Nueva es un acto que el propietario debe realizar el Registro indicando que se est\u00e1 construyendo una edificaci\u00f3n\" \/>\n<meta name=\"robots\" content=\"index, follow, max-snippet:-1, max-image-preview:large, max-video-preview:-1\" \/>\n<link rel=\"canonical\" href=\"https:\/\/prayde.com\/empresa\/que-sabes-de-la-declaracion-de-obra-nueva\/\" \/>\n<meta property=\"og:locale\" content=\"es_ES\" \/>\n<meta property=\"og:type\" content=\"article\" \/>\n<meta property=\"og:title\" content=\"\u00bfQu\u00e9 sabes de la Declaraci\u00f3n de Obra Nueva? - Gestinmo\" \/>\n<meta property=\"og:description\" content=\"La declaraci\u00f3n de Obra Nueva es un acto que el propietario debe realizar el Registro indicando que se est\u00e1 construyendo una edificaci\u00f3n\" \/>\n<meta property=\"og:url\" content=\"https:\/\/prayde.com\/empresa\/que-sabes-de-la-declaracion-de-obra-nueva\/\" \/>\n<meta property=\"og:site_name\" content=\"Gestinmo\" \/>\n<meta property=\"article:published_time\" content=\"2024-10-01T09:03:45+00:00\" \/>\n<meta property=\"og:image\" content=\"https:\/\/prayde.com\/empresa\/wp-content\/uploads\/2012\/01\/helloquence-OQMZwNd3ThU-unsplash-300x200.jpg\" \/>\n<meta name=\"author\" content=\"jfcaparros\" \/>\n<meta name=\"twitter:card\" content=\"summary_large_image\" \/>\n<meta name=\"twitter:label1\" content=\"Escrito por\" \/>\n\t<meta name=\"twitter:data1\" content=\"jfcaparros\" \/>\n<script type=\"application\/ld+json\" class=\"yoast-schema-graph\">{\"@context\":\"https:\\\/\\\/schema.org\",\"@graph\":[{\"@type\":\"Article\",\"@id\":\"https:\\\/\\\/prayde.com\\\/empresa\\\/que-sabes-de-la-declaracion-de-obra-nueva\\\/#article\",\"isPartOf\":{\"@id\":\"https:\\\/\\\/prayde.com\\\/empresa\\\/que-sabes-de-la-declaracion-de-obra-nueva\\\/\"},\"author\":{\"name\":\"jfcaparros\",\"@id\":\"https:\\\/\\\/prayde.com\\\/empresa\\\/#\\\/schema\\\/person\\\/f8e0c96aaf660cad78380e9d37850f22\"},\"headline\":\"\u00bfQu\u00e9 sabes de la Declaraci\u00f3n de Obra Nueva?\",\"datePublished\":\"2024-10-01T09:03:45+00:00\",\"mainEntityOfPage\":{\"@id\":\"https:\\\/\\\/prayde.com\\\/empresa\\\/que-sabes-de-la-declaracion-de-obra-nueva\\\/\"},\"wordCount\":853,\"commentCount\":0,\"publisher\":{\"@id\":\"https:\\\/\\\/prayde.com\\\/empresa\\\/#organization\"},\"image\":{\"@id\":\"https:\\\/\\\/prayde.com\\\/empresa\\\/que-sabes-de-la-declaracion-de-obra-nueva\\\/#primaryimage\"},\"thumbnailUrl\":\"https:\\\/\\\/prayde.com\\\/empresa\\\/wp-content\\\/uploads\\\/2012\\\/01\\\/helloquence-OQMZwNd3ThU-unsplash-300x200.jpg\",\"keywords\":[\"Cuadernos Practicos\",\"legislacion\",\"vivienda\"],\"inLanguage\":\"es\",\"potentialAction\":[{\"@type\":\"CommentAction\",\"name\":\"Comment\",\"target\":[\"https:\\\/\\\/prayde.com\\\/empresa\\\/que-sabes-de-la-declaracion-de-obra-nueva\\\/#respond\"]}]},{\"@type\":\"WebPage\",\"@id\":\"https:\\\/\\\/prayde.com\\\/empresa\\\/que-sabes-de-la-declaracion-de-obra-nueva\\\/\",\"url\":\"https:\\\/\\\/prayde.com\\\/empresa\\\/que-sabes-de-la-declaracion-de-obra-nueva\\\/\",\"name\":\"\u00bfQu\u00e9 sabes de la Declaraci\u00f3n de Obra Nueva? - Gestinmo\",\"isPartOf\":{\"@id\":\"https:\\\/\\\/prayde.com\\\/empresa\\\/#website\"},\"primaryImageOfPage\":{\"@id\":\"https:\\\/\\\/prayde.com\\\/empresa\\\/que-sabes-de-la-declaracion-de-obra-nueva\\\/#primaryimage\"},\"image\":{\"@id\":\"https:\\\/\\\/prayde.com\\\/empresa\\\/que-sabes-de-la-declaracion-de-obra-nueva\\\/#primaryimage\"},\"thumbnailUrl\":\"https:\\\/\\\/prayde.com\\\/empresa\\\/wp-content\\\/uploads\\\/2012\\\/01\\\/helloquence-OQMZwNd3ThU-unsplash-300x200.jpg\",\"datePublished\":\"2024-10-01T09:03:45+00:00\",\"description\":\"La declaraci\u00f3n de Obra Nueva es un acto que el propietario debe realizar el Registro indicando que se est\u00e1 construyendo una edificaci\u00f3n\",\"breadcrumb\":{\"@id\":\"https:\\\/\\\/prayde.com\\\/empresa\\\/que-sabes-de-la-declaracion-de-obra-nueva\\\/#breadcrumb\"},\"inLanguage\":\"es\",\"potentialAction\":[{\"@type\":\"ReadAction\",\"target\":[\"https:\\\/\\\/prayde.com\\\/empresa\\\/que-sabes-de-la-declaracion-de-obra-nueva\\\/\"]}]},{\"@type\":\"ImageObject\",\"inLanguage\":\"es\",\"@id\":\"https:\\\/\\\/prayde.com\\\/empresa\\\/que-sabes-de-la-declaracion-de-obra-nueva\\\/#primaryimage\",\"url\":\"https:\\\/\\\/prayde.com\\\/empresa\\\/wp-content\\\/uploads\\\/2012\\\/01\\\/helloquence-OQMZwNd3ThU-unsplash.jpg\",\"contentUrl\":\"https:\\\/\\\/prayde.com\\\/empresa\\\/wp-content\\\/uploads\\\/2012\\\/01\\\/helloquence-OQMZwNd3ThU-unsplash.jpg\",\"width\":2500,\"height\":1668,\"caption\":\"Compraventa condicionada\"},{\"@type\":\"BreadcrumbList\",\"@id\":\"https:\\\/\\\/prayde.com\\\/empresa\\\/que-sabes-de-la-declaracion-de-obra-nueva\\\/#breadcrumb\",\"itemListElement\":[{\"@type\":\"ListItem\",\"position\":1,\"name\":\"Portada\",\"item\":\"https:\\\/\\\/prayde.com\\\/empresa\\\/\"},{\"@type\":\"ListItem\",\"position\":2,\"name\":\"\u00bfQu\u00e9 sabes de la Declaraci\u00f3n de Obra Nueva?\"}]},{\"@type\":\"WebSite\",\"@id\":\"https:\\\/\\\/prayde.com\\\/empresa\\\/#website\",\"url\":\"https:\\\/\\\/prayde.com\\\/empresa\\\/\",\"name\":\"Gestinmo\",\"description\":\"Analizar la Rentabilidad y Riesgos de una Promocion Inmobiliaria\",\"publisher\":{\"@id\":\"https:\\\/\\\/prayde.com\\\/empresa\\\/#organization\"},\"potentialAction\":[{\"@type\":\"SearchAction\",\"target\":{\"@type\":\"EntryPoint\",\"urlTemplate\":\"https:\\\/\\\/prayde.com\\\/empresa\\\/?s={search_term_string}\"},\"query-input\":{\"@type\":\"PropertyValueSpecification\",\"valueRequired\":true,\"valueName\":\"search_term_string\"}}],\"inLanguage\":\"es\"},{\"@type\":\"Organization\",\"@id\":\"https:\\\/\\\/prayde.com\\\/empresa\\\/#organization\",\"name\":\"Gestinmo\",\"url\":\"https:\\\/\\\/prayde.com\\\/empresa\\\/\",\"logo\":{\"@type\":\"ImageObject\",\"inLanguage\":\"es\",\"@id\":\"https:\\\/\\\/prayde.com\\\/empresa\\\/#\\\/schema\\\/logo\\\/image\\\/\",\"url\":\"https:\\\/\\\/prayde.com\\\/empresa\\\/wp-content\\\/uploads\\\/2018\\\/12\\\/cropped-cropped-Prayde-Pe.jpg\",\"contentUrl\":\"https:\\\/\\\/prayde.com\\\/empresa\\\/wp-content\\\/uploads\\\/2018\\\/12\\\/cropped-cropped-Prayde-Pe.jpg\",\"width\":512,\"height\":512,\"caption\":\"Gestinmo\"},\"image\":{\"@id\":\"https:\\\/\\\/prayde.com\\\/empresa\\\/#\\\/schema\\\/logo\\\/image\\\/\"}},{\"@type\":\"Person\",\"@id\":\"https:\\\/\\\/prayde.com\\\/empresa\\\/#\\\/schema\\\/person\\\/f8e0c96aaf660cad78380e9d37850f22\",\"name\":\"jfcaparros\",\"image\":{\"@type\":\"ImageObject\",\"inLanguage\":\"es\",\"@id\":\"https:\\\/\\\/secure.gravatar.com\\\/avatar\\\/a275282a4f49c72bf010c86afa10d9fd2bf7a834cc9dcbc372cf350803eb7359?s=96&d=mm&r=g\",\"url\":\"https:\\\/\\\/secure.gravatar.com\\\/avatar\\\/a275282a4f49c72bf010c86afa10d9fd2bf7a834cc9dcbc372cf350803eb7359?s=96&d=mm&r=g\",\"contentUrl\":\"https:\\\/\\\/secure.gravatar.com\\\/avatar\\\/a275282a4f49c72bf010c86afa10d9fd2bf7a834cc9dcbc372cf350803eb7359?s=96&d=mm&r=g\",\"caption\":\"jfcaparros\"},\"url\":\"https:\\\/\\\/prayde.com\\\/empresa\\\/author\\\/jfcaparros\\\/\"}]}<\/script>\n<!-- \/ Yoast SEO plugin. -->","yoast_head_json":{"title":"\u00bfQu\u00e9 sabes de la Declaraci\u00f3n de Obra Nueva? - Gestinmo","description":"La declaraci\u00f3n de Obra Nueva es un acto que el propietario debe realizar el Registro indicando que se est\u00e1 construyendo una edificaci\u00f3n","robots":{"index":"index","follow":"follow","max-snippet":"max-snippet:-1","max-image-preview":"max-image-preview:large","max-video-preview":"max-video-preview:-1"},"canonical":"https:\/\/prayde.com\/empresa\/que-sabes-de-la-declaracion-de-obra-nueva\/","og_locale":"es_ES","og_type":"article","og_title":"\u00bfQu\u00e9 sabes de la Declaraci\u00f3n de Obra Nueva? - Gestinmo","og_description":"La declaraci\u00f3n de Obra Nueva es un acto que el propietario debe realizar el Registro indicando que se est\u00e1 construyendo una edificaci\u00f3n","og_url":"https:\/\/prayde.com\/empresa\/que-sabes-de-la-declaracion-de-obra-nueva\/","og_site_name":"Gestinmo","article_published_time":"2024-10-01T09:03:45+00:00","og_image":[{"url":"https:\/\/prayde.com\/empresa\/wp-content\/uploads\/2012\/01\/helloquence-OQMZwNd3ThU-unsplash-300x200.jpg","type":"","width":"","height":""}],"author":"jfcaparros","twitter_card":"summary_large_image","twitter_misc":{"Escrito por":"jfcaparros"},"schema":{"@context":"https:\/\/schema.org","@graph":[{"@type":"Article","@id":"https:\/\/prayde.com\/empresa\/que-sabes-de-la-declaracion-de-obra-nueva\/#article","isPartOf":{"@id":"https:\/\/prayde.com\/empresa\/que-sabes-de-la-declaracion-de-obra-nueva\/"},"author":{"name":"jfcaparros","@id":"https:\/\/prayde.com\/empresa\/#\/schema\/person\/f8e0c96aaf660cad78380e9d37850f22"},"headline":"\u00bfQu\u00e9 sabes de la Declaraci\u00f3n de Obra Nueva?","datePublished":"2024-10-01T09:03:45+00:00","mainEntityOfPage":{"@id":"https:\/\/prayde.com\/empresa\/que-sabes-de-la-declaracion-de-obra-nueva\/"},"wordCount":853,"commentCount":0,"publisher":{"@id":"https:\/\/prayde.com\/empresa\/#organization"},"image":{"@id":"https:\/\/prayde.com\/empresa\/que-sabes-de-la-declaracion-de-obra-nueva\/#primaryimage"},"thumbnailUrl":"https:\/\/prayde.com\/empresa\/wp-content\/uploads\/2012\/01\/helloquence-OQMZwNd3ThU-unsplash-300x200.jpg","keywords":["Cuadernos Practicos","legislacion","vivienda"],"inLanguage":"es","potentialAction":[{"@type":"CommentAction","name":"Comment","target":["https:\/\/prayde.com\/empresa\/que-sabes-de-la-declaracion-de-obra-nueva\/#respond"]}]},{"@type":"WebPage","@id":"https:\/\/prayde.com\/empresa\/que-sabes-de-la-declaracion-de-obra-nueva\/","url":"https:\/\/prayde.com\/empresa\/que-sabes-de-la-declaracion-de-obra-nueva\/","name":"\u00bfQu\u00e9 sabes de la Declaraci\u00f3n de Obra Nueva? - Gestinmo","isPartOf":{"@id":"https:\/\/prayde.com\/empresa\/#website"},"primaryImageOfPage":{"@id":"https:\/\/prayde.com\/empresa\/que-sabes-de-la-declaracion-de-obra-nueva\/#primaryimage"},"image":{"@id":"https:\/\/prayde.com\/empresa\/que-sabes-de-la-declaracion-de-obra-nueva\/#primaryimage"},"thumbnailUrl":"https:\/\/prayde.com\/empresa\/wp-content\/uploads\/2012\/01\/helloquence-OQMZwNd3ThU-unsplash-300x200.jpg","datePublished":"2024-10-01T09:03:45+00:00","description":"La declaraci\u00f3n de Obra Nueva es un acto que el propietario debe realizar el Registro indicando que se est\u00e1 construyendo una edificaci\u00f3n","breadcrumb":{"@id":"https:\/\/prayde.com\/empresa\/que-sabes-de-la-declaracion-de-obra-nueva\/#breadcrumb"},"inLanguage":"es","potentialAction":[{"@type":"ReadAction","target":["https:\/\/prayde.com\/empresa\/que-sabes-de-la-declaracion-de-obra-nueva\/"]}]},{"@type":"ImageObject","inLanguage":"es","@id":"https:\/\/prayde.com\/empresa\/que-sabes-de-la-declaracion-de-obra-nueva\/#primaryimage","url":"https:\/\/prayde.com\/empresa\/wp-content\/uploads\/2012\/01\/helloquence-OQMZwNd3ThU-unsplash.jpg","contentUrl":"https:\/\/prayde.com\/empresa\/wp-content\/uploads\/2012\/01\/helloquence-OQMZwNd3ThU-unsplash.jpg","width":2500,"height":1668,"caption":"Compraventa condicionada"},{"@type":"BreadcrumbList","@id":"https:\/\/prayde.com\/empresa\/que-sabes-de-la-declaracion-de-obra-nueva\/#breadcrumb","itemListElement":[{"@type":"ListItem","position":1,"name":"Portada","item":"https:\/\/prayde.com\/empresa\/"},{"@type":"ListItem","position":2,"name":"\u00bfQu\u00e9 sabes de la Declaraci\u00f3n de Obra Nueva?"}]},{"@type":"WebSite","@id":"https:\/\/prayde.com\/empresa\/#website","url":"https:\/\/prayde.com\/empresa\/","name":"Gestinmo","description":"Analizar la Rentabilidad y Riesgos de una Promocion Inmobiliaria","publisher":{"@id":"https:\/\/prayde.com\/empresa\/#organization"},"potentialAction":[{"@type":"SearchAction","target":{"@type":"EntryPoint","urlTemplate":"https:\/\/prayde.com\/empresa\/?s={search_term_string}"},"query-input":{"@type":"PropertyValueSpecification","valueRequired":true,"valueName":"search_term_string"}}],"inLanguage":"es"},{"@type":"Organization","@id":"https:\/\/prayde.com\/empresa\/#organization","name":"Gestinmo","url":"https:\/\/prayde.com\/empresa\/","logo":{"@type":"ImageObject","inLanguage":"es","@id":"https:\/\/prayde.com\/empresa\/#\/schema\/logo\/image\/","url":"https:\/\/prayde.com\/empresa\/wp-content\/uploads\/2018\/12\/cropped-cropped-Prayde-Pe.jpg","contentUrl":"https:\/\/prayde.com\/empresa\/wp-content\/uploads\/2018\/12\/cropped-cropped-Prayde-Pe.jpg","width":512,"height":512,"caption":"Gestinmo"},"image":{"@id":"https:\/\/prayde.com\/empresa\/#\/schema\/logo\/image\/"}},{"@type":"Person","@id":"https:\/\/prayde.com\/empresa\/#\/schema\/person\/f8e0c96aaf660cad78380e9d37850f22","name":"jfcaparros","image":{"@type":"ImageObject","inLanguage":"es","@id":"https:\/\/secure.gravatar.com\/avatar\/a275282a4f49c72bf010c86afa10d9fd2bf7a834cc9dcbc372cf350803eb7359?s=96&d=mm&r=g","url":"https:\/\/secure.gravatar.com\/avatar\/a275282a4f49c72bf010c86afa10d9fd2bf7a834cc9dcbc372cf350803eb7359?s=96&d=mm&r=g","contentUrl":"https:\/\/secure.gravatar.com\/avatar\/a275282a4f49c72bf010c86afa10d9fd2bf7a834cc9dcbc372cf350803eb7359?s=96&d=mm&r=g","caption":"jfcaparros"},"url":"https:\/\/prayde.com\/empresa\/author\/jfcaparros\/"}]}},"_links":{"self":[{"href":"https:\/\/prayde.com\/empresa\/wp-json\/wp\/v2\/posts\/3113","targetHints":{"allow":["GET"]}}],"collection":[{"href":"https:\/\/prayde.com\/empresa\/wp-json\/wp\/v2\/posts"}],"about":[{"href":"https:\/\/prayde.com\/empresa\/wp-json\/wp\/v2\/types\/post"}],"author":[{"embeddable":true,"href":"https:\/\/prayde.com\/empresa\/wp-json\/wp\/v2\/users\/1"}],"replies":[{"embeddable":true,"href":"https:\/\/prayde.com\/empresa\/wp-json\/wp\/v2\/comments?post=3113"}],"version-history":[{"count":1,"href":"https:\/\/prayde.com\/empresa\/wp-json\/wp\/v2\/posts\/3113\/revisions"}],"predecessor-version":[{"id":3114,"href":"https:\/\/prayde.com\/empresa\/wp-json\/wp\/v2\/posts\/3113\/revisions\/3114"}],"wp:attachment":[{"href":"https:\/\/prayde.com\/empresa\/wp-json\/wp\/v2\/media?parent=3113"}],"wp:term":[{"taxonomy":"category","embeddable":true,"href":"https:\/\/prayde.com\/empresa\/wp-json\/wp\/v2\/categories?post=3113"},{"taxonomy":"post_tag","embeddable":true,"href":"https:\/\/prayde.com\/empresa\/wp-json\/wp\/v2\/tags?post=3113"}],"curies":[{"name":"wp","href":"https:\/\/api.w.org\/{rel}","templated":true}]}}