{"id":3099,"date":"2024-08-20T09:05:00","date_gmt":"2024-08-20T09:05:00","guid":{"rendered":"https:\/\/prayde.com\/empresa\/?p=3099"},"modified":"2024-08-19T07:46:30","modified_gmt":"2024-08-19T07:46:30","slug":"que-debe-contemplar-el-promotor-en-el-contrato-de-obra-cpi-59","status":"publish","type":"post","link":"https:\/\/prayde.com\/empresa\/que-debe-contemplar-el-promotor-en-el-contrato-de-obra-cpi-59\/","title":{"rendered":"\u00bfQu\u00e9 debe contemplar el Promotor en el Contrato de Obra?. CPI 59"},"content":{"rendered":"\n<h2 class=\"wp-block-heading\"><strong>El Promotor en el Contrato de Obra<\/strong><\/h2>\n\n\n\n<p>El enfoque que debe dar el <strong>Promotor en el Contrato de Obra<\/strong> (de Ejecuci\u00f3n de Obra), celebrado entre el mismo y el Contratista Principal o tambi\u00e9n con los Subcontratistas debe ser analizado pormenorizadamente. Y ese es el objetivo de este Cuaderno<\/p>\n\n\n\n<figure class=\"wp-block-image size-medium\"><a href=\"https:\/\/prayde.com\/Cuadernos\/RE59%20CONTRATO%20OBRA.pdf\" target=\"_blank\" rel=\"noreferrer noopener\"><img loading=\"lazy\" decoding=\"async\" width=\"300\" height=\"237\" src=\"https:\/\/prayde.com\/empresa\/wp-content\/uploads\/2023\/11\/CU59-300x237.jpg\" alt=\"El Promotor en el Contrato de Obra\" class=\"wp-image-2705\" srcset=\"https:\/\/prayde.com\/empresa\/wp-content\/uploads\/2023\/11\/CU59-300x237.jpg 300w, https:\/\/prayde.com\/empresa\/wp-content\/uploads\/2023\/11\/CU59-190x150.jpg 190w, https:\/\/prayde.com\/empresa\/wp-content\/uploads\/2023\/11\/CU59-150x119.jpg 150w, https:\/\/prayde.com\/empresa\/wp-content\/uploads\/2023\/11\/CU59.jpg 642w\" sizes=\"auto, (max-width: 300px) 100vw, 300px\" \/><\/a><figcaption class=\"wp-element-caption\">Pulse en la imagen para ver un resumen del Cuaderno, de 31 pags<\/figcaption><\/figure>\n\n\n\n<p>En <strong>Cuadernos del Promotor Inmobiliario (CPI) queremos dar formaci\u00f3n y &nbsp;documentaci\u00f3n detallada sobre todos los aspectos del negocio inmobiliario.<\/strong><\/p>\n\n\n\n<p>Cada CPI, en PDF, aborda un aspecto espec\u00edfico del mismo. Le invitamos a ver el resumen y esperamos que el Cuaderno completo le sea \u00fatil.<\/p>\n\n\n\n<p>Existe una recomendaci\u00f3n importante y, es que se simplifique el contrato de obras y<br \/>todo el resto de las cl\u00e1usulas generales, se lleven a un Pliego de Condiciones Particulares del Promotor, que se aplicara en todas las obras que el promotor lleve a cabo en su vida empresarial<\/p>\n\n\n\n<p>Ese Pliego se enriquecer\u00e1 con la evoluci\u00f3n jur\u00eddica y la experiencia del promotor y, quedar\u00e1 vigente para todas las obras que este realice.<\/p>\n\n\n\n<p><strong>Vea un <a href=\"https:\/\/prayde.com\/Cuadernos\/Indice%20por%20Temas.pdf\">\u00cdndice de los CPI, por Temas<\/a><\/strong><\/p>\n\n\n\n<h2 class=\"wp-block-heading\"><strong>M\u00e1s entradas sobre este tema<\/strong><\/h2>\n\n\n\n<p>y otros relacionados con la actividad inmobiliaria y promotora en<\/p>\n\n\n\n<ul class=\"wp-block-list\">\n<li><strong>La Viabilidad de la Promocion Inmobiliaria <a href=\"https:\/\/prayde.com\/empresa\/busqueda-en-el-blog-viabilidad-de-la-promocion-inmobiliaria\/\">https:\/\/prayde.com\/empresa\/busqueda-en-el-blog-viabilidad-de-la-promocion-inmobiliaria\/<\/a><\/strong><\/li>\n\n\n\n<li><strong>Cuadernos del Promotor Inmobiliario en <a href=\"https:\/\/prayde.com\/empresa\/cuadernos-por-temas\/\">https:\/\/prayde.com\/empresa\/cuadernos-por-temas\/<\/a><\/strong><\/li>\n\n\n\n<li><strong>Software de An\u00e1lisis de Viabilidad de Promociones, Gestinmo, en <a href=\"https:\/\/prayde.com\/\">https:\/\/prayde.com<\/a><\/strong><\/li>\n\n\n\n<li><strong>B\u00fascanos en Twitter \u00a0<a href=\"https:\/\/www.youtube.com\/redirect?event=video_description&amp;redir_token=QUFFLUhqa00wa3NVcmk1NlFiZmpnMDNVLUZTRXFMTmR4Z3xBQ3Jtc0tuZmhUU3J5ZmZUc2x6YTFMbVZwRjVjTFNZTEZ6N0RLVTdBRk92TnpjSHZTbllMZVA3TnlfR2NGdnFLLXdYSmp4eUQ4V292dWRXdm9mc0xnLWRjcS1TcGxqQ0lSSmZxQ2dWNFUzQUlxbnNZUEhnUW1zYw&amp;q=https%3A%2F%2Ftwitter.com%2FPraydeG\" target=\"_blank\" rel=\"noreferrer noopener\">https:\/\/twitter.com\/PraydeG<\/a> @PraydeG<\/strong><\/li>\n\n\n\n<li><strong>Y en nuestros canales de YouTube <a href=\"https:\/\/www.youtube.com\/playlist?list=PL2rXgOV0kih4ImgRs2ky77CTbkIblLX36\">https:\/\/www.youtube.com\/playlist?list=PL2rXgOV0kih4ImgRs2ky77CTbkIblLX36<\/a><\/strong><\/li>\n\n\n\n<li><strong>Spotify: Desmontando una promoci\u00f3n Inmobiliaria <a href=\"https:\/\/open.spotify.com\/show\/70rqfcJ5QURpunFnSnAlyd\">https:\/\/open.spotify.com\/show\/70rqfcJ5QURpunFnSnAlyd<\/a><\/strong><\/li>\n<\/ul>\n\n\n\n<p><\/p>\n","protected":false},"excerpt":{"rendered":"<p>El Promotor en el Contrato de Obra El enfoque que debe dar el Promotor en el Contrato de Obra (de Ejecuci\u00f3n de Obra), celebrado entre el mismo y el Contratista\u2026 <a class=\"continue-reading-link\" href=\"https:\/\/prayde.com\/empresa\/que-debe-contemplar-el-promotor-en-el-contrato-de-obra-cpi-59\/\">Continue leyendo<\/a><\/p>\n","protected":false},"author":1,"featured_media":0,"comment_status":"open","ping_status":"closed","sticky":false,"template":"","format":"standard","meta":{"footnotes":""},"categories":[1],"tags":[17,21],"class_list":["post-3099","post","type-post","status-publish","format-standard","hentry","category-sin-categoria","tag-cuadernos-practicos","tag-vivienda"],"yoast_head":"<!-- This site is optimized with the Yoast SEO plugin v27.5 - https:\/\/yoast.com\/product\/yoast-seo-wordpress\/ -->\n<title>\u00bfQu\u00e9 debe contemplar el Promotor en el Contrato de Obra?. CPI 59 - Gestinmo<\/title>\n<meta name=\"description\" content=\"El enfoque que debe dar el Promotor en el Contrato de Ejecuci\u00f3n de Obra Obra celebrado con el Contratista Principal debe ser analizado\" \/>\n<meta name=\"robots\" content=\"index, follow, max-snippet:-1, max-image-preview:large, max-video-preview:-1\" \/>\n<link rel=\"canonical\" href=\"https:\/\/prayde.com\/empresa\/que-debe-contemplar-el-promotor-en-el-contrato-de-obra-cpi-59\/\" \/>\n<meta property=\"og:locale\" content=\"es_ES\" \/>\n<meta property=\"og:type\" content=\"article\" \/>\n<meta property=\"og:title\" content=\"\u00bfQu\u00e9 debe contemplar el Promotor en el Contrato de Obra?. CPI 59 - Gestinmo\" \/>\n<meta property=\"og:description\" content=\"El enfoque que debe dar el Promotor en el Contrato de Ejecuci\u00f3n de Obra Obra celebrado con el Contratista Principal debe ser analizado\" \/>\n<meta property=\"og:url\" content=\"https:\/\/prayde.com\/empresa\/que-debe-contemplar-el-promotor-en-el-contrato-de-obra-cpi-59\/\" \/>\n<meta property=\"og:site_name\" content=\"Gestinmo\" \/>\n<meta property=\"article:published_time\" content=\"2024-08-20T09:05:00+00:00\" \/>\n<meta property=\"og:image\" content=\"https:\/\/prayde.com\/empresa\/wp-content\/uploads\/2023\/11\/CU59-300x237.jpg\" \/>\n<meta name=\"author\" content=\"jfcaparros\" \/>\n<meta name=\"twitter:card\" content=\"summary_large_image\" \/>\n<meta name=\"twitter:label1\" content=\"Escrito por\" \/>\n\t<meta name=\"twitter:data1\" content=\"jfcaparros\" \/>\n\t<meta name=\"twitter:label2\" content=\"Tiempo de lectura\" \/>\n\t<meta name=\"twitter:data2\" content=\"2 minutos\" \/>\n<script type=\"application\/ld+json\" class=\"yoast-schema-graph\">{\"@context\":\"https:\\\/\\\/schema.org\",\"@graph\":[{\"@type\":\"Article\",\"@id\":\"https:\\\/\\\/prayde.com\\\/empresa\\\/que-debe-contemplar-el-promotor-en-el-contrato-de-obra-cpi-59\\\/#article\",\"isPartOf\":{\"@id\":\"https:\\\/\\\/prayde.com\\\/empresa\\\/que-debe-contemplar-el-promotor-en-el-contrato-de-obra-cpi-59\\\/\"},\"author\":{\"name\":\"jfcaparros\",\"@id\":\"https:\\\/\\\/prayde.com\\\/empresa\\\/#\\\/schema\\\/person\\\/f8e0c96aaf660cad78380e9d37850f22\"},\"headline\":\"\u00bfQu\u00e9 debe contemplar el Promotor en el Contrato de Obra?. CPI 59\",\"datePublished\":\"2024-08-20T09:05:00+00:00\",\"mainEntityOfPage\":{\"@id\":\"https:\\\/\\\/prayde.com\\\/empresa\\\/que-debe-contemplar-el-promotor-en-el-contrato-de-obra-cpi-59\\\/\"},\"wordCount\":293,\"commentCount\":0,\"publisher\":{\"@id\":\"https:\\\/\\\/prayde.com\\\/empresa\\\/#organization\"},\"image\":{\"@id\":\"https:\\\/\\\/prayde.com\\\/empresa\\\/que-debe-contemplar-el-promotor-en-el-contrato-de-obra-cpi-59\\\/#primaryimage\"},\"thumbnailUrl\":\"https:\\\/\\\/prayde.com\\\/empresa\\\/wp-content\\\/uploads\\\/2023\\\/11\\\/CU59-300x237.jpg\",\"keywords\":[\"Cuadernos Practicos\",\"vivienda\"],\"inLanguage\":\"es\",\"potentialAction\":[{\"@type\":\"CommentAction\",\"name\":\"Comment\",\"target\":[\"https:\\\/\\\/prayde.com\\\/empresa\\\/que-debe-contemplar-el-promotor-en-el-contrato-de-obra-cpi-59\\\/#respond\"]}]},{\"@type\":\"WebPage\",\"@id\":\"https:\\\/\\\/prayde.com\\\/empresa\\\/que-debe-contemplar-el-promotor-en-el-contrato-de-obra-cpi-59\\\/\",\"url\":\"https:\\\/\\\/prayde.com\\\/empresa\\\/que-debe-contemplar-el-promotor-en-el-contrato-de-obra-cpi-59\\\/\",\"name\":\"\u00bfQu\u00e9 debe contemplar el Promotor en el Contrato de Obra?. CPI 59 - Gestinmo\",\"isPartOf\":{\"@id\":\"https:\\\/\\\/prayde.com\\\/empresa\\\/#website\"},\"primaryImageOfPage\":{\"@id\":\"https:\\\/\\\/prayde.com\\\/empresa\\\/que-debe-contemplar-el-promotor-en-el-contrato-de-obra-cpi-59\\\/#primaryimage\"},\"image\":{\"@id\":\"https:\\\/\\\/prayde.com\\\/empresa\\\/que-debe-contemplar-el-promotor-en-el-contrato-de-obra-cpi-59\\\/#primaryimage\"},\"thumbnailUrl\":\"https:\\\/\\\/prayde.com\\\/empresa\\\/wp-content\\\/uploads\\\/2023\\\/11\\\/CU59-300x237.jpg\",\"datePublished\":\"2024-08-20T09:05:00+00:00\",\"description\":\"El enfoque que debe dar el Promotor en el Contrato de Ejecuci\u00f3n de Obra Obra celebrado con el Contratista Principal debe ser analizado\",\"breadcrumb\":{\"@id\":\"https:\\\/\\\/prayde.com\\\/empresa\\\/que-debe-contemplar-el-promotor-en-el-contrato-de-obra-cpi-59\\\/#breadcrumb\"},\"inLanguage\":\"es\",\"potentialAction\":[{\"@type\":\"ReadAction\",\"target\":[\"https:\\\/\\\/prayde.com\\\/empresa\\\/que-debe-contemplar-el-promotor-en-el-contrato-de-obra-cpi-59\\\/\"]}]},{\"@type\":\"ImageObject\",\"inLanguage\":\"es\",\"@id\":\"https:\\\/\\\/prayde.com\\\/empresa\\\/que-debe-contemplar-el-promotor-en-el-contrato-de-obra-cpi-59\\\/#primaryimage\",\"url\":\"https:\\\/\\\/prayde.com\\\/empresa\\\/wp-content\\\/uploads\\\/2023\\\/11\\\/CU59.jpg\",\"contentUrl\":\"https:\\\/\\\/prayde.com\\\/empresa\\\/wp-content\\\/uploads\\\/2023\\\/11\\\/CU59.jpg\",\"width\":642,\"height\":508},{\"@type\":\"BreadcrumbList\",\"@id\":\"https:\\\/\\\/prayde.com\\\/empresa\\\/que-debe-contemplar-el-promotor-en-el-contrato-de-obra-cpi-59\\\/#breadcrumb\",\"itemListElement\":[{\"@type\":\"ListItem\",\"position\":1,\"name\":\"Portada\",\"item\":\"https:\\\/\\\/prayde.com\\\/empresa\\\/\"},{\"@type\":\"ListItem\",\"position\":2,\"name\":\"\u00bfQu\u00e9 debe contemplar el Promotor en el Contrato de Obra?. CPI 59\"}]},{\"@type\":\"WebSite\",\"@id\":\"https:\\\/\\\/prayde.com\\\/empresa\\\/#website\",\"url\":\"https:\\\/\\\/prayde.com\\\/empresa\\\/\",\"name\":\"Gestinmo\",\"description\":\"Analizar la Rentabilidad y Riesgos de una Promocion Inmobiliaria\",\"publisher\":{\"@id\":\"https:\\\/\\\/prayde.com\\\/empresa\\\/#organization\"},\"potentialAction\":[{\"@type\":\"SearchAction\",\"target\":{\"@type\":\"EntryPoint\",\"urlTemplate\":\"https:\\\/\\\/prayde.com\\\/empresa\\\/?s={search_term_string}\"},\"query-input\":{\"@type\":\"PropertyValueSpecification\",\"valueRequired\":true,\"valueName\":\"search_term_string\"}}],\"inLanguage\":\"es\"},{\"@type\":\"Organization\",\"@id\":\"https:\\\/\\\/prayde.com\\\/empresa\\\/#organization\",\"name\":\"Gestinmo\",\"url\":\"https:\\\/\\\/prayde.com\\\/empresa\\\/\",\"logo\":{\"@type\":\"ImageObject\",\"inLanguage\":\"es\",\"@id\":\"https:\\\/\\\/prayde.com\\\/empresa\\\/#\\\/schema\\\/logo\\\/image\\\/\",\"url\":\"https:\\\/\\\/prayde.com\\\/empresa\\\/wp-content\\\/uploads\\\/2018\\\/12\\\/cropped-cropped-Prayde-Pe.jpg\",\"contentUrl\":\"https:\\\/\\\/prayde.com\\\/empresa\\\/wp-content\\\/uploads\\\/2018\\\/12\\\/cropped-cropped-Prayde-Pe.jpg\",\"width\":512,\"height\":512,\"caption\":\"Gestinmo\"},\"image\":{\"@id\":\"https:\\\/\\\/prayde.com\\\/empresa\\\/#\\\/schema\\\/logo\\\/image\\\/\"}},{\"@type\":\"Person\",\"@id\":\"https:\\\/\\\/prayde.com\\\/empresa\\\/#\\\/schema\\\/person\\\/f8e0c96aaf660cad78380e9d37850f22\",\"name\":\"jfcaparros\",\"image\":{\"@type\":\"ImageObject\",\"inLanguage\":\"es\",\"@id\":\"https:\\\/\\\/secure.gravatar.com\\\/avatar\\\/a275282a4f49c72bf010c86afa10d9fd2bf7a834cc9dcbc372cf350803eb7359?s=96&d=mm&r=g\",\"url\":\"https:\\\/\\\/secure.gravatar.com\\\/avatar\\\/a275282a4f49c72bf010c86afa10d9fd2bf7a834cc9dcbc372cf350803eb7359?s=96&d=mm&r=g\",\"contentUrl\":\"https:\\\/\\\/secure.gravatar.com\\\/avatar\\\/a275282a4f49c72bf010c86afa10d9fd2bf7a834cc9dcbc372cf350803eb7359?s=96&d=mm&r=g\",\"caption\":\"jfcaparros\"},\"url\":\"https:\\\/\\\/prayde.com\\\/empresa\\\/author\\\/jfcaparros\\\/\"}]}<\/script>\n<!-- \/ Yoast SEO plugin. -->","yoast_head_json":{"title":"\u00bfQu\u00e9 debe contemplar el Promotor en el Contrato de Obra?. CPI 59 - Gestinmo","description":"El enfoque que debe dar el Promotor en el Contrato de Ejecuci\u00f3n de Obra Obra celebrado con el Contratista Principal debe ser analizado","robots":{"index":"index","follow":"follow","max-snippet":"max-snippet:-1","max-image-preview":"max-image-preview:large","max-video-preview":"max-video-preview:-1"},"canonical":"https:\/\/prayde.com\/empresa\/que-debe-contemplar-el-promotor-en-el-contrato-de-obra-cpi-59\/","og_locale":"es_ES","og_type":"article","og_title":"\u00bfQu\u00e9 debe contemplar el Promotor en el Contrato de Obra?. CPI 59 - Gestinmo","og_description":"El enfoque que debe dar el Promotor en el Contrato de Ejecuci\u00f3n de Obra Obra celebrado con el Contratista Principal debe ser analizado","og_url":"https:\/\/prayde.com\/empresa\/que-debe-contemplar-el-promotor-en-el-contrato-de-obra-cpi-59\/","og_site_name":"Gestinmo","article_published_time":"2024-08-20T09:05:00+00:00","og_image":[{"url":"https:\/\/prayde.com\/empresa\/wp-content\/uploads\/2023\/11\/CU59-300x237.jpg","type":"","width":"","height":""}],"author":"jfcaparros","twitter_card":"summary_large_image","twitter_misc":{"Escrito por":"jfcaparros","Tiempo de lectura":"2 minutos"},"schema":{"@context":"https:\/\/schema.org","@graph":[{"@type":"Article","@id":"https:\/\/prayde.com\/empresa\/que-debe-contemplar-el-promotor-en-el-contrato-de-obra-cpi-59\/#article","isPartOf":{"@id":"https:\/\/prayde.com\/empresa\/que-debe-contemplar-el-promotor-en-el-contrato-de-obra-cpi-59\/"},"author":{"name":"jfcaparros","@id":"https:\/\/prayde.com\/empresa\/#\/schema\/person\/f8e0c96aaf660cad78380e9d37850f22"},"headline":"\u00bfQu\u00e9 debe contemplar el Promotor en el Contrato de Obra?. CPI 59","datePublished":"2024-08-20T09:05:00+00:00","mainEntityOfPage":{"@id":"https:\/\/prayde.com\/empresa\/que-debe-contemplar-el-promotor-en-el-contrato-de-obra-cpi-59\/"},"wordCount":293,"commentCount":0,"publisher":{"@id":"https:\/\/prayde.com\/empresa\/#organization"},"image":{"@id":"https:\/\/prayde.com\/empresa\/que-debe-contemplar-el-promotor-en-el-contrato-de-obra-cpi-59\/#primaryimage"},"thumbnailUrl":"https:\/\/prayde.com\/empresa\/wp-content\/uploads\/2023\/11\/CU59-300x237.jpg","keywords":["Cuadernos Practicos","vivienda"],"inLanguage":"es","potentialAction":[{"@type":"CommentAction","name":"Comment","target":["https:\/\/prayde.com\/empresa\/que-debe-contemplar-el-promotor-en-el-contrato-de-obra-cpi-59\/#respond"]}]},{"@type":"WebPage","@id":"https:\/\/prayde.com\/empresa\/que-debe-contemplar-el-promotor-en-el-contrato-de-obra-cpi-59\/","url":"https:\/\/prayde.com\/empresa\/que-debe-contemplar-el-promotor-en-el-contrato-de-obra-cpi-59\/","name":"\u00bfQu\u00e9 debe contemplar el Promotor en el Contrato de Obra?. CPI 59 - Gestinmo","isPartOf":{"@id":"https:\/\/prayde.com\/empresa\/#website"},"primaryImageOfPage":{"@id":"https:\/\/prayde.com\/empresa\/que-debe-contemplar-el-promotor-en-el-contrato-de-obra-cpi-59\/#primaryimage"},"image":{"@id":"https:\/\/prayde.com\/empresa\/que-debe-contemplar-el-promotor-en-el-contrato-de-obra-cpi-59\/#primaryimage"},"thumbnailUrl":"https:\/\/prayde.com\/empresa\/wp-content\/uploads\/2023\/11\/CU59-300x237.jpg","datePublished":"2024-08-20T09:05:00+00:00","description":"El enfoque que debe dar el Promotor en el Contrato de Ejecuci\u00f3n de Obra Obra celebrado con el Contratista Principal debe ser analizado","breadcrumb":{"@id":"https:\/\/prayde.com\/empresa\/que-debe-contemplar-el-promotor-en-el-contrato-de-obra-cpi-59\/#breadcrumb"},"inLanguage":"es","potentialAction":[{"@type":"ReadAction","target":["https:\/\/prayde.com\/empresa\/que-debe-contemplar-el-promotor-en-el-contrato-de-obra-cpi-59\/"]}]},{"@type":"ImageObject","inLanguage":"es","@id":"https:\/\/prayde.com\/empresa\/que-debe-contemplar-el-promotor-en-el-contrato-de-obra-cpi-59\/#primaryimage","url":"https:\/\/prayde.com\/empresa\/wp-content\/uploads\/2023\/11\/CU59.jpg","contentUrl":"https:\/\/prayde.com\/empresa\/wp-content\/uploads\/2023\/11\/CU59.jpg","width":642,"height":508},{"@type":"BreadcrumbList","@id":"https:\/\/prayde.com\/empresa\/que-debe-contemplar-el-promotor-en-el-contrato-de-obra-cpi-59\/#breadcrumb","itemListElement":[{"@type":"ListItem","position":1,"name":"Portada","item":"https:\/\/prayde.com\/empresa\/"},{"@type":"ListItem","position":2,"name":"\u00bfQu\u00e9 debe contemplar el Promotor en el Contrato de Obra?. CPI 59"}]},{"@type":"WebSite","@id":"https:\/\/prayde.com\/empresa\/#website","url":"https:\/\/prayde.com\/empresa\/","name":"Gestinmo","description":"Analizar la Rentabilidad y Riesgos de una Promocion Inmobiliaria","publisher":{"@id":"https:\/\/prayde.com\/empresa\/#organization"},"potentialAction":[{"@type":"SearchAction","target":{"@type":"EntryPoint","urlTemplate":"https:\/\/prayde.com\/empresa\/?s={search_term_string}"},"query-input":{"@type":"PropertyValueSpecification","valueRequired":true,"valueName":"search_term_string"}}],"inLanguage":"es"},{"@type":"Organization","@id":"https:\/\/prayde.com\/empresa\/#organization","name":"Gestinmo","url":"https:\/\/prayde.com\/empresa\/","logo":{"@type":"ImageObject","inLanguage":"es","@id":"https:\/\/prayde.com\/empresa\/#\/schema\/logo\/image\/","url":"https:\/\/prayde.com\/empresa\/wp-content\/uploads\/2018\/12\/cropped-cropped-Prayde-Pe.jpg","contentUrl":"https:\/\/prayde.com\/empresa\/wp-content\/uploads\/2018\/12\/cropped-cropped-Prayde-Pe.jpg","width":512,"height":512,"caption":"Gestinmo"},"image":{"@id":"https:\/\/prayde.com\/empresa\/#\/schema\/logo\/image\/"}},{"@type":"Person","@id":"https:\/\/prayde.com\/empresa\/#\/schema\/person\/f8e0c96aaf660cad78380e9d37850f22","name":"jfcaparros","image":{"@type":"ImageObject","inLanguage":"es","@id":"https:\/\/secure.gravatar.com\/avatar\/a275282a4f49c72bf010c86afa10d9fd2bf7a834cc9dcbc372cf350803eb7359?s=96&d=mm&r=g","url":"https:\/\/secure.gravatar.com\/avatar\/a275282a4f49c72bf010c86afa10d9fd2bf7a834cc9dcbc372cf350803eb7359?s=96&d=mm&r=g","contentUrl":"https:\/\/secure.gravatar.com\/avatar\/a275282a4f49c72bf010c86afa10d9fd2bf7a834cc9dcbc372cf350803eb7359?s=96&d=mm&r=g","caption":"jfcaparros"},"url":"https:\/\/prayde.com\/empresa\/author\/jfcaparros\/"}]}},"_links":{"self":[{"href":"https:\/\/prayde.com\/empresa\/wp-json\/wp\/v2\/posts\/3099","targetHints":{"allow":["GET"]}}],"collection":[{"href":"https:\/\/prayde.com\/empresa\/wp-json\/wp\/v2\/posts"}],"about":[{"href":"https:\/\/prayde.com\/empresa\/wp-json\/wp\/v2\/types\/post"}],"author":[{"embeddable":true,"href":"https:\/\/prayde.com\/empresa\/wp-json\/wp\/v2\/users\/1"}],"replies":[{"embeddable":true,"href":"https:\/\/prayde.com\/empresa\/wp-json\/wp\/v2\/comments?post=3099"}],"version-history":[{"count":1,"href":"https:\/\/prayde.com\/empresa\/wp-json\/wp\/v2\/posts\/3099\/revisions"}],"predecessor-version":[{"id":3100,"href":"https:\/\/prayde.com\/empresa\/wp-json\/wp\/v2\/posts\/3099\/revisions\/3100"}],"wp:attachment":[{"href":"https:\/\/prayde.com\/empresa\/wp-json\/wp\/v2\/media?parent=3099"}],"wp:term":[{"taxonomy":"category","embeddable":true,"href":"https:\/\/prayde.com\/empresa\/wp-json\/wp\/v2\/categories?post=3099"},{"taxonomy":"post_tag","embeddable":true,"href":"https:\/\/prayde.com\/empresa\/wp-json\/wp\/v2\/tags?post=3099"}],"curies":[{"name":"wp","href":"https:\/\/api.w.org\/{rel}","templated":true}]}}