{"id":3095,"date":"2024-07-30T09:15:00","date_gmt":"2024-07-30T09:15:00","guid":{"rendered":"https:\/\/prayde.com\/empresa\/?p=3095"},"modified":"2024-07-29T08:47:15","modified_gmt":"2024-07-29T08:47:15","slug":"que-parametros-urbanisticos-de-un-solar-lo-definen-cpi-57","status":"publish","type":"post","link":"https:\/\/prayde.com\/empresa\/que-parametros-urbanisticos-de-un-solar-lo-definen-cpi-57\/","title":{"rendered":"\u00bfQu\u00e9 par\u00e1metros urban\u00edsticos de un solar lo definen?. CPI 57"},"content":{"rendered":"\n<h2 class=\"wp-block-heading\"><strong>Par\u00e1metros urban\u00edsticos de un solar<\/strong><\/h2>\n\n\n\n<p><strong>Revisamos los par\u00e1metros urban\u00edsticos de un solar y sus tipolog\u00edas<\/strong><\/p>\n\n\n\n<p>El Promotor tiene que tener una idea de la edificabilidad posible en una parcela, en primera estimaci\u00f3n, porque no se puede adquirir un solar sin comprobar que cabe la edificabilidad que nos ofrecen<\/p>\n\n\n\n<figure class=\"wp-block-image size-medium\"><a href=\"http:\/\/prayde.com\/Cuadernos\/RE57%20El%20SOLAR.%20PAR%C3%81METROS%20URBAN%C3%8DSTICOS.pdf\" target=\"_blank\" rel=\"noreferrer noopener\"><img loading=\"lazy\" decoding=\"async\" width=\"300\" height=\"228\" src=\"https:\/\/prayde.com\/empresa\/wp-content\/uploads\/2023\/11\/CU57-300x228.jpg\" alt=\"Par\u00e1metros urban\u00edsticos de un solar\" class=\"wp-image-2703\" srcset=\"https:\/\/prayde.com\/empresa\/wp-content\/uploads\/2023\/11\/CU57-300x228.jpg 300w, https:\/\/prayde.com\/empresa\/wp-content\/uploads\/2023\/11\/CU57-768x583.jpg 768w, https:\/\/prayde.com\/empresa\/wp-content\/uploads\/2023\/11\/CU57-197x150.jpg 197w, https:\/\/prayde.com\/empresa\/wp-content\/uploads\/2023\/11\/CU57-150x114.jpg 150w, https:\/\/prayde.com\/empresa\/wp-content\/uploads\/2023\/11\/CU57.jpg 811w\" sizes=\"auto, (max-width: 300px) 100vw, 300px\" \/><\/a><figcaption class=\"wp-element-caption\">Pulse en la imagen para ver un resumen del Cuaderno, de 36 pags<\/figcaption><\/figure>\n\n\n\n<p><strong>Publicaci\u00f3n del mes de Mayo de 2019, en nuestro BLOG: <a href=\"http:\/\/prayde.com\/wordpress\/\">Cuadernos del Promotor Inmobiliario<\/a><\/strong><\/p>\n\n\n\n<p>En <strong>Cuadernos del Promotor Inmobiliario (CPI) queremos dar formaci\u00f3n y &nbsp;&nbsp;documentaci\u00f3n detallada sobre todos los aspectos del negocio inmobiliario.<\/strong><\/p>\n\n\n\n<p>Cada CPI, en PDF, aborda un aspecto espec\u00edfico del mismo. Le invitamos a ver el resumen y esperamos que el Cuaderno completo le sea \u00fatil.<\/p>\n\n\n\n<p>Los par\u00e1metros urban\u00edsticos m\u00e1s importantes son:<\/p>\n\n\n\n<ol class=\"wp-block-list\" start=\"1\">\n<li>El uso y la tipolog\u00eda del uso<\/li>\n\n\n\n<li>La intensidad del uso o la edificabilidad<\/li>\n\n\n\n<li>La ocupaci\u00f3n m\u00e1xima de la edificaci\u00f3n en la parcela<\/li>\n\n\n\n<li>Los retranqueos<\/li>\n\n\n\n<li>Las alineaciones y rasantes<\/li>\n\n\n\n<li>La altura de la edificaci\u00f3n y sus tipos o la forma de medirlos.<\/li>\n\n\n\n<li>Otros par\u00e1metros urban\u00edsticos<\/li>\n<\/ol>\n\n\n\n<p><strong>InmoSuelo, <\/strong>nuestro software inmobiliario, lo contempla<\/p>\n\n\n\n<p><strong>Vea un <a href=\"https:\/\/prayde.com\/Cuadernos\/Indice%20por%20Temas.pdf\">\u00cdndice de los CPI, por Temas<\/a><\/strong><\/p>\n\n\n\n<h2 class=\"wp-block-heading\"><strong>M\u00e1s entradas sobre este tema<\/strong><\/h2>\n\n\n\n<p>y otros relacionados con la actividad inmobiliaria y promotora en<\/p>\n\n\n\n<ul class=\"wp-block-list\">\n<li><strong>La Viabilidad de la Promocion Inmobiliaria <a href=\"https:\/\/prayde.com\/empresa\/busqueda-en-el-blog-viabilidad-de-la-promocion-inmobiliaria\/\">https:\/\/prayde.com\/empresa\/busqueda-en-el-blog-viabilidad-de-la-promocion-inmobiliaria\/<\/a><\/strong><\/li>\n\n\n\n<li><strong>Cuadernos del Promotor Inmobiliario en <a href=\"https:\/\/prayde.com\/empresa\/cuadernos-por-temas\/\">https:\/\/prayde.com\/empresa\/cuadernos-por-temas\/<\/a><\/strong><\/li>\n\n\n\n<li><strong>Software de An\u00e1lisis de Viabilidad de Promociones, Gestinmo, en <a href=\"https:\/\/prayde.com\/\">https:\/\/prayde.com<\/a><\/strong><\/li>\n\n\n\n<li><strong>B\u00fascanos en Twitter \u00a0<a href=\"https:\/\/www.youtube.com\/redirect?event=video_description&amp;redir_token=QUFFLUhqa00wa3NVcmk1NlFiZmpnMDNVLUZTRXFMTmR4Z3xBQ3Jtc0tuZmhUU3J5ZmZUc2x6YTFMbVZwRjVjTFNZTEZ6N0RLVTdBRk92TnpjSHZTbllMZVA3TnlfR2NGdnFLLXdYSmp4eUQ4V292dWRXdm9mc0xnLWRjcS1TcGxqQ0lSSmZxQ2dWNFUzQUlxbnNZUEhnUW1zYw&amp;q=https%3A%2F%2Ftwitter.com%2FPraydeG\" target=\"_blank\" rel=\"noreferrer noopener\">https:\/\/twitter.com\/PraydeG<\/a> @PraydeG<\/strong><\/li>\n\n\n\n<li><strong>Y en nuestros canales de YouTube <a href=\"https:\/\/www.youtube.com\/playlist?list=PL2rXgOV0kih4ImgRs2ky77CTbkIblLX36\">https:\/\/www.youtube.com\/playlist?list=PL2rXgOV0kih4ImgRs2ky77CTbkIblLX36<\/a><\/strong><\/li>\n\n\n\n<li><strong>Spotify: Desmontando una promoci\u00f3n Inmobiliaria <a href=\"https:\/\/open.spotify.com\/show\/70rqfcJ5QURpunFnSnAlyd\">https:\/\/open.spotify.com\/show\/70rqfcJ5QURpunFnSnAlyd<\/a><\/strong><\/li>\n<\/ul>\n","protected":false},"excerpt":{"rendered":"<p>Par\u00e1metros urban\u00edsticos de un solar Revisamos los par\u00e1metros urban\u00edsticos de un solar y sus tipolog\u00edas El Promotor tiene que tener una idea de la edificabilidad posible en una parcela, en\u2026 <a class=\"continue-reading-link\" href=\"https:\/\/prayde.com\/empresa\/que-parametros-urbanisticos-de-un-solar-lo-definen-cpi-57\/\">Continue leyendo<\/a><\/p>\n","protected":false},"author":1,"featured_media":0,"comment_status":"open","ping_status":"closed","sticky":false,"template":"","format":"standard","meta":{"footnotes":""},"categories":[1],"tags":[17,34,29],"class_list":["post-3095","post","type-post","status-publish","format-standard","hentry","category-sin-categoria","tag-cuadernos-practicos","tag-inmosuelo","tag-suelo"],"yoast_head":"<!-- This site is optimized with the Yoast SEO plugin v27.5 - https:\/\/yoast.com\/product\/yoast-seo-wordpress\/ -->\n<title>\u00bfQu\u00e9 par\u00e1metros urban\u00edsticos de un solar lo definen?. CPI 57 - Gestinmo<\/title>\n<meta name=\"description\" content=\"Revisamos los par\u00e1metros urban\u00edsticos de un solar. El Promotor tiene que tener una primera idea de la edificabilidad posible\" \/>\n<meta name=\"robots\" content=\"index, follow, max-snippet:-1, max-image-preview:large, max-video-preview:-1\" \/>\n<link rel=\"canonical\" href=\"https:\/\/prayde.com\/empresa\/que-parametros-urbanisticos-de-un-solar-lo-definen-cpi-57\/\" \/>\n<meta property=\"og:locale\" content=\"es_ES\" \/>\n<meta property=\"og:type\" content=\"article\" \/>\n<meta property=\"og:title\" content=\"\u00bfQu\u00e9 par\u00e1metros urban\u00edsticos de un solar lo definen?. CPI 57 - Gestinmo\" \/>\n<meta property=\"og:description\" content=\"Revisamos los par\u00e1metros urban\u00edsticos de un solar. El Promotor tiene que tener una primera idea de la edificabilidad posible\" \/>\n<meta property=\"og:url\" content=\"https:\/\/prayde.com\/empresa\/que-parametros-urbanisticos-de-un-solar-lo-definen-cpi-57\/\" \/>\n<meta property=\"og:site_name\" content=\"Gestinmo\" \/>\n<meta property=\"article:published_time\" content=\"2024-07-30T09:15:00+00:00\" \/>\n<meta property=\"og:image\" content=\"https:\/\/prayde.com\/empresa\/wp-content\/uploads\/2023\/11\/CU57-300x228.jpg\" \/>\n<meta name=\"author\" content=\"jfcaparros\" \/>\n<meta name=\"twitter:card\" content=\"summary_large_image\" \/>\n<meta name=\"twitter:label1\" content=\"Escrito por\" \/>\n\t<meta name=\"twitter:data1\" content=\"jfcaparros\" \/>\n\t<meta name=\"twitter:label2\" content=\"Tiempo de lectura\" \/>\n\t<meta name=\"twitter:data2\" content=\"2 minutos\" \/>\n<script type=\"application\/ld+json\" class=\"yoast-schema-graph\">{\"@context\":\"https:\\\/\\\/schema.org\",\"@graph\":[{\"@type\":\"Article\",\"@id\":\"https:\\\/\\\/prayde.com\\\/empresa\\\/que-parametros-urbanisticos-de-un-solar-lo-definen-cpi-57\\\/#article\",\"isPartOf\":{\"@id\":\"https:\\\/\\\/prayde.com\\\/empresa\\\/que-parametros-urbanisticos-de-un-solar-lo-definen-cpi-57\\\/\"},\"author\":{\"name\":\"jfcaparros\",\"@id\":\"https:\\\/\\\/prayde.com\\\/empresa\\\/#\\\/schema\\\/person\\\/f8e0c96aaf660cad78380e9d37850f22\"},\"headline\":\"\u00bfQu\u00e9 par\u00e1metros urban\u00edsticos de un solar lo definen?. CPI 57\",\"datePublished\":\"2024-07-30T09:15:00+00:00\",\"mainEntityOfPage\":{\"@id\":\"https:\\\/\\\/prayde.com\\\/empresa\\\/que-parametros-urbanisticos-de-un-solar-lo-definen-cpi-57\\\/\"},\"wordCount\":305,\"commentCount\":0,\"publisher\":{\"@id\":\"https:\\\/\\\/prayde.com\\\/empresa\\\/#organization\"},\"image\":{\"@id\":\"https:\\\/\\\/prayde.com\\\/empresa\\\/que-parametros-urbanisticos-de-un-solar-lo-definen-cpi-57\\\/#primaryimage\"},\"thumbnailUrl\":\"https:\\\/\\\/prayde.com\\\/empresa\\\/wp-content\\\/uploads\\\/2023\\\/11\\\/CU57-300x228.jpg\",\"keywords\":[\"Cuadernos Practicos\",\"InmoSuelo\",\"Suelo\"],\"inLanguage\":\"es\",\"potentialAction\":[{\"@type\":\"CommentAction\",\"name\":\"Comment\",\"target\":[\"https:\\\/\\\/prayde.com\\\/empresa\\\/que-parametros-urbanisticos-de-un-solar-lo-definen-cpi-57\\\/#respond\"]}]},{\"@type\":\"WebPage\",\"@id\":\"https:\\\/\\\/prayde.com\\\/empresa\\\/que-parametros-urbanisticos-de-un-solar-lo-definen-cpi-57\\\/\",\"url\":\"https:\\\/\\\/prayde.com\\\/empresa\\\/que-parametros-urbanisticos-de-un-solar-lo-definen-cpi-57\\\/\",\"name\":\"\u00bfQu\u00e9 par\u00e1metros urban\u00edsticos de un solar lo definen?. CPI 57 - Gestinmo\",\"isPartOf\":{\"@id\":\"https:\\\/\\\/prayde.com\\\/empresa\\\/#website\"},\"primaryImageOfPage\":{\"@id\":\"https:\\\/\\\/prayde.com\\\/empresa\\\/que-parametros-urbanisticos-de-un-solar-lo-definen-cpi-57\\\/#primaryimage\"},\"image\":{\"@id\":\"https:\\\/\\\/prayde.com\\\/empresa\\\/que-parametros-urbanisticos-de-un-solar-lo-definen-cpi-57\\\/#primaryimage\"},\"thumbnailUrl\":\"https:\\\/\\\/prayde.com\\\/empresa\\\/wp-content\\\/uploads\\\/2023\\\/11\\\/CU57-300x228.jpg\",\"datePublished\":\"2024-07-30T09:15:00+00:00\",\"description\":\"Revisamos los par\u00e1metros urban\u00edsticos de un solar. El Promotor tiene que tener una primera idea de la edificabilidad posible\",\"breadcrumb\":{\"@id\":\"https:\\\/\\\/prayde.com\\\/empresa\\\/que-parametros-urbanisticos-de-un-solar-lo-definen-cpi-57\\\/#breadcrumb\"},\"inLanguage\":\"es\",\"potentialAction\":[{\"@type\":\"ReadAction\",\"target\":[\"https:\\\/\\\/prayde.com\\\/empresa\\\/que-parametros-urbanisticos-de-un-solar-lo-definen-cpi-57\\\/\"]}]},{\"@type\":\"ImageObject\",\"inLanguage\":\"es\",\"@id\":\"https:\\\/\\\/prayde.com\\\/empresa\\\/que-parametros-urbanisticos-de-un-solar-lo-definen-cpi-57\\\/#primaryimage\",\"url\":\"https:\\\/\\\/prayde.com\\\/empresa\\\/wp-content\\\/uploads\\\/2023\\\/11\\\/CU57.jpg\",\"contentUrl\":\"https:\\\/\\\/prayde.com\\\/empresa\\\/wp-content\\\/uploads\\\/2023\\\/11\\\/CU57.jpg\",\"width\":811,\"height\":616},{\"@type\":\"BreadcrumbList\",\"@id\":\"https:\\\/\\\/prayde.com\\\/empresa\\\/que-parametros-urbanisticos-de-un-solar-lo-definen-cpi-57\\\/#breadcrumb\",\"itemListElement\":[{\"@type\":\"ListItem\",\"position\":1,\"name\":\"Portada\",\"item\":\"https:\\\/\\\/prayde.com\\\/empresa\\\/\"},{\"@type\":\"ListItem\",\"position\":2,\"name\":\"\u00bfQu\u00e9 par\u00e1metros urban\u00edsticos de un solar lo definen?. CPI 57\"}]},{\"@type\":\"WebSite\",\"@id\":\"https:\\\/\\\/prayde.com\\\/empresa\\\/#website\",\"url\":\"https:\\\/\\\/prayde.com\\\/empresa\\\/\",\"name\":\"Gestinmo\",\"description\":\"Analizar la Rentabilidad y Riesgos de una Promocion Inmobiliaria\",\"publisher\":{\"@id\":\"https:\\\/\\\/prayde.com\\\/empresa\\\/#organization\"},\"potentialAction\":[{\"@type\":\"SearchAction\",\"target\":{\"@type\":\"EntryPoint\",\"urlTemplate\":\"https:\\\/\\\/prayde.com\\\/empresa\\\/?s={search_term_string}\"},\"query-input\":{\"@type\":\"PropertyValueSpecification\",\"valueRequired\":true,\"valueName\":\"search_term_string\"}}],\"inLanguage\":\"es\"},{\"@type\":\"Organization\",\"@id\":\"https:\\\/\\\/prayde.com\\\/empresa\\\/#organization\",\"name\":\"Gestinmo\",\"url\":\"https:\\\/\\\/prayde.com\\\/empresa\\\/\",\"logo\":{\"@type\":\"ImageObject\",\"inLanguage\":\"es\",\"@id\":\"https:\\\/\\\/prayde.com\\\/empresa\\\/#\\\/schema\\\/logo\\\/image\\\/\",\"url\":\"https:\\\/\\\/prayde.com\\\/empresa\\\/wp-content\\\/uploads\\\/2018\\\/12\\\/cropped-cropped-Prayde-Pe.jpg\",\"contentUrl\":\"https:\\\/\\\/prayde.com\\\/empresa\\\/wp-content\\\/uploads\\\/2018\\\/12\\\/cropped-cropped-Prayde-Pe.jpg\",\"width\":512,\"height\":512,\"caption\":\"Gestinmo\"},\"image\":{\"@id\":\"https:\\\/\\\/prayde.com\\\/empresa\\\/#\\\/schema\\\/logo\\\/image\\\/\"}},{\"@type\":\"Person\",\"@id\":\"https:\\\/\\\/prayde.com\\\/empresa\\\/#\\\/schema\\\/person\\\/f8e0c96aaf660cad78380e9d37850f22\",\"name\":\"jfcaparros\",\"image\":{\"@type\":\"ImageObject\",\"inLanguage\":\"es\",\"@id\":\"https:\\\/\\\/secure.gravatar.com\\\/avatar\\\/a275282a4f49c72bf010c86afa10d9fd2bf7a834cc9dcbc372cf350803eb7359?s=96&d=mm&r=g\",\"url\":\"https:\\\/\\\/secure.gravatar.com\\\/avatar\\\/a275282a4f49c72bf010c86afa10d9fd2bf7a834cc9dcbc372cf350803eb7359?s=96&d=mm&r=g\",\"contentUrl\":\"https:\\\/\\\/secure.gravatar.com\\\/avatar\\\/a275282a4f49c72bf010c86afa10d9fd2bf7a834cc9dcbc372cf350803eb7359?s=96&d=mm&r=g\",\"caption\":\"jfcaparros\"},\"url\":\"https:\\\/\\\/prayde.com\\\/empresa\\\/author\\\/jfcaparros\\\/\"}]}<\/script>\n<!-- \/ Yoast SEO plugin. -->","yoast_head_json":{"title":"\u00bfQu\u00e9 par\u00e1metros urban\u00edsticos de un solar lo definen?. CPI 57 - Gestinmo","description":"Revisamos los par\u00e1metros urban\u00edsticos de un solar. El Promotor tiene que tener una primera idea de la edificabilidad posible","robots":{"index":"index","follow":"follow","max-snippet":"max-snippet:-1","max-image-preview":"max-image-preview:large","max-video-preview":"max-video-preview:-1"},"canonical":"https:\/\/prayde.com\/empresa\/que-parametros-urbanisticos-de-un-solar-lo-definen-cpi-57\/","og_locale":"es_ES","og_type":"article","og_title":"\u00bfQu\u00e9 par\u00e1metros urban\u00edsticos de un solar lo definen?. CPI 57 - Gestinmo","og_description":"Revisamos los par\u00e1metros urban\u00edsticos de un solar. El Promotor tiene que tener una primera idea de la edificabilidad posible","og_url":"https:\/\/prayde.com\/empresa\/que-parametros-urbanisticos-de-un-solar-lo-definen-cpi-57\/","og_site_name":"Gestinmo","article_published_time":"2024-07-30T09:15:00+00:00","og_image":[{"url":"https:\/\/prayde.com\/empresa\/wp-content\/uploads\/2023\/11\/CU57-300x228.jpg","type":"","width":"","height":""}],"author":"jfcaparros","twitter_card":"summary_large_image","twitter_misc":{"Escrito por":"jfcaparros","Tiempo de lectura":"2 minutos"},"schema":{"@context":"https:\/\/schema.org","@graph":[{"@type":"Article","@id":"https:\/\/prayde.com\/empresa\/que-parametros-urbanisticos-de-un-solar-lo-definen-cpi-57\/#article","isPartOf":{"@id":"https:\/\/prayde.com\/empresa\/que-parametros-urbanisticos-de-un-solar-lo-definen-cpi-57\/"},"author":{"name":"jfcaparros","@id":"https:\/\/prayde.com\/empresa\/#\/schema\/person\/f8e0c96aaf660cad78380e9d37850f22"},"headline":"\u00bfQu\u00e9 par\u00e1metros urban\u00edsticos de un solar lo definen?. CPI 57","datePublished":"2024-07-30T09:15:00+00:00","mainEntityOfPage":{"@id":"https:\/\/prayde.com\/empresa\/que-parametros-urbanisticos-de-un-solar-lo-definen-cpi-57\/"},"wordCount":305,"commentCount":0,"publisher":{"@id":"https:\/\/prayde.com\/empresa\/#organization"},"image":{"@id":"https:\/\/prayde.com\/empresa\/que-parametros-urbanisticos-de-un-solar-lo-definen-cpi-57\/#primaryimage"},"thumbnailUrl":"https:\/\/prayde.com\/empresa\/wp-content\/uploads\/2023\/11\/CU57-300x228.jpg","keywords":["Cuadernos Practicos","InmoSuelo","Suelo"],"inLanguage":"es","potentialAction":[{"@type":"CommentAction","name":"Comment","target":["https:\/\/prayde.com\/empresa\/que-parametros-urbanisticos-de-un-solar-lo-definen-cpi-57\/#respond"]}]},{"@type":"WebPage","@id":"https:\/\/prayde.com\/empresa\/que-parametros-urbanisticos-de-un-solar-lo-definen-cpi-57\/","url":"https:\/\/prayde.com\/empresa\/que-parametros-urbanisticos-de-un-solar-lo-definen-cpi-57\/","name":"\u00bfQu\u00e9 par\u00e1metros urban\u00edsticos de un solar lo definen?. CPI 57 - Gestinmo","isPartOf":{"@id":"https:\/\/prayde.com\/empresa\/#website"},"primaryImageOfPage":{"@id":"https:\/\/prayde.com\/empresa\/que-parametros-urbanisticos-de-un-solar-lo-definen-cpi-57\/#primaryimage"},"image":{"@id":"https:\/\/prayde.com\/empresa\/que-parametros-urbanisticos-de-un-solar-lo-definen-cpi-57\/#primaryimage"},"thumbnailUrl":"https:\/\/prayde.com\/empresa\/wp-content\/uploads\/2023\/11\/CU57-300x228.jpg","datePublished":"2024-07-30T09:15:00+00:00","description":"Revisamos los par\u00e1metros urban\u00edsticos de un solar. El Promotor tiene que tener una primera idea de la edificabilidad posible","breadcrumb":{"@id":"https:\/\/prayde.com\/empresa\/que-parametros-urbanisticos-de-un-solar-lo-definen-cpi-57\/#breadcrumb"},"inLanguage":"es","potentialAction":[{"@type":"ReadAction","target":["https:\/\/prayde.com\/empresa\/que-parametros-urbanisticos-de-un-solar-lo-definen-cpi-57\/"]}]},{"@type":"ImageObject","inLanguage":"es","@id":"https:\/\/prayde.com\/empresa\/que-parametros-urbanisticos-de-un-solar-lo-definen-cpi-57\/#primaryimage","url":"https:\/\/prayde.com\/empresa\/wp-content\/uploads\/2023\/11\/CU57.jpg","contentUrl":"https:\/\/prayde.com\/empresa\/wp-content\/uploads\/2023\/11\/CU57.jpg","width":811,"height":616},{"@type":"BreadcrumbList","@id":"https:\/\/prayde.com\/empresa\/que-parametros-urbanisticos-de-un-solar-lo-definen-cpi-57\/#breadcrumb","itemListElement":[{"@type":"ListItem","position":1,"name":"Portada","item":"https:\/\/prayde.com\/empresa\/"},{"@type":"ListItem","position":2,"name":"\u00bfQu\u00e9 par\u00e1metros urban\u00edsticos de un solar lo definen?. CPI 57"}]},{"@type":"WebSite","@id":"https:\/\/prayde.com\/empresa\/#website","url":"https:\/\/prayde.com\/empresa\/","name":"Gestinmo","description":"Analizar la Rentabilidad y Riesgos de una Promocion Inmobiliaria","publisher":{"@id":"https:\/\/prayde.com\/empresa\/#organization"},"potentialAction":[{"@type":"SearchAction","target":{"@type":"EntryPoint","urlTemplate":"https:\/\/prayde.com\/empresa\/?s={search_term_string}"},"query-input":{"@type":"PropertyValueSpecification","valueRequired":true,"valueName":"search_term_string"}}],"inLanguage":"es"},{"@type":"Organization","@id":"https:\/\/prayde.com\/empresa\/#organization","name":"Gestinmo","url":"https:\/\/prayde.com\/empresa\/","logo":{"@type":"ImageObject","inLanguage":"es","@id":"https:\/\/prayde.com\/empresa\/#\/schema\/logo\/image\/","url":"https:\/\/prayde.com\/empresa\/wp-content\/uploads\/2018\/12\/cropped-cropped-Prayde-Pe.jpg","contentUrl":"https:\/\/prayde.com\/empresa\/wp-content\/uploads\/2018\/12\/cropped-cropped-Prayde-Pe.jpg","width":512,"height":512,"caption":"Gestinmo"},"image":{"@id":"https:\/\/prayde.com\/empresa\/#\/schema\/logo\/image\/"}},{"@type":"Person","@id":"https:\/\/prayde.com\/empresa\/#\/schema\/person\/f8e0c96aaf660cad78380e9d37850f22","name":"jfcaparros","image":{"@type":"ImageObject","inLanguage":"es","@id":"https:\/\/secure.gravatar.com\/avatar\/a275282a4f49c72bf010c86afa10d9fd2bf7a834cc9dcbc372cf350803eb7359?s=96&d=mm&r=g","url":"https:\/\/secure.gravatar.com\/avatar\/a275282a4f49c72bf010c86afa10d9fd2bf7a834cc9dcbc372cf350803eb7359?s=96&d=mm&r=g","contentUrl":"https:\/\/secure.gravatar.com\/avatar\/a275282a4f49c72bf010c86afa10d9fd2bf7a834cc9dcbc372cf350803eb7359?s=96&d=mm&r=g","caption":"jfcaparros"},"url":"https:\/\/prayde.com\/empresa\/author\/jfcaparros\/"}]}},"_links":{"self":[{"href":"https:\/\/prayde.com\/empresa\/wp-json\/wp\/v2\/posts\/3095","targetHints":{"allow":["GET"]}}],"collection":[{"href":"https:\/\/prayde.com\/empresa\/wp-json\/wp\/v2\/posts"}],"about":[{"href":"https:\/\/prayde.com\/empresa\/wp-json\/wp\/v2\/types\/post"}],"author":[{"embeddable":true,"href":"https:\/\/prayde.com\/empresa\/wp-json\/wp\/v2\/users\/1"}],"replies":[{"embeddable":true,"href":"https:\/\/prayde.com\/empresa\/wp-json\/wp\/v2\/comments?post=3095"}],"version-history":[{"count":1,"href":"https:\/\/prayde.com\/empresa\/wp-json\/wp\/v2\/posts\/3095\/revisions"}],"predecessor-version":[{"id":3096,"href":"https:\/\/prayde.com\/empresa\/wp-json\/wp\/v2\/posts\/3095\/revisions\/3096"}],"wp:attachment":[{"href":"https:\/\/prayde.com\/empresa\/wp-json\/wp\/v2\/media?parent=3095"}],"wp:term":[{"taxonomy":"category","embeddable":true,"href":"https:\/\/prayde.com\/empresa\/wp-json\/wp\/v2\/categories?post=3095"},{"taxonomy":"post_tag","embeddable":true,"href":"https:\/\/prayde.com\/empresa\/wp-json\/wp\/v2\/tags?post=3095"}],"curies":[{"name":"wp","href":"https:\/\/api.w.org\/{rel}","templated":true}]}}