{"id":3088,"date":"2024-07-02T09:35:00","date_gmt":"2024-07-02T09:35:00","guid":{"rendered":"https:\/\/prayde.com\/empresa\/?p=3088"},"modified":"2024-07-01T08:40:33","modified_gmt":"2024-07-01T08:40:33","slug":"cuales-son-las-diferentes-superficies-de-la-vpp","status":"publish","type":"post","link":"https:\/\/prayde.com\/empresa\/cuales-son-las-diferentes-superficies-de-la-vpp\/","title":{"rendered":"\u00bfCu\u00e1les son las diferentes superficies de la VPP?"},"content":{"rendered":"\n<h2 class=\"wp-block-heading\"><\/h2>\n\n\n\n<h2 class=\"wp-block-heading\">Las diferentes superficies de la VPP<\/h2>\n\n\n\n<p>Hay diferentes superficies de la VPP, en un edificio de viviendas de protecci\u00f3n p\u00fablica. Coexisten siempre cinco tipos de superficie<\/p>\n\n\n\n<figure class=\"wp-block-image size-medium\"><a href=\"https:\/\/prayde.com\/empresa\/wp-content\/uploads\/2021\/08\/IMG_20210807_190656.jpg\"><img loading=\"lazy\" decoding=\"async\" width=\"300\" height=\"216\" src=\"https:\/\/prayde.com\/empresa\/wp-content\/uploads\/2021\/08\/IMG_20210807_190656-300x216.jpg\" alt=\"Las diferentes superficies de la VPP\" class=\"wp-image-1263\" srcset=\"https:\/\/prayde.com\/empresa\/wp-content\/uploads\/2021\/08\/IMG_20210807_190656-300x216.jpg 300w, https:\/\/prayde.com\/empresa\/wp-content\/uploads\/2021\/08\/IMG_20210807_190656-1024x739.jpg 1024w, https:\/\/prayde.com\/empresa\/wp-content\/uploads\/2021\/08\/IMG_20210807_190656-768x554.jpg 768w, https:\/\/prayde.com\/empresa\/wp-content\/uploads\/2021\/08\/IMG_20210807_190656-208x150.jpg 208w, https:\/\/prayde.com\/empresa\/wp-content\/uploads\/2021\/08\/IMG_20210807_190656-150x108.jpg 150w, https:\/\/prayde.com\/empresa\/wp-content\/uploads\/2021\/08\/IMG_20210807_190656.jpg 1166w\" sizes=\"auto, (max-width: 300px) 100vw, 300px\" \/><\/a><\/figure>\n\n\n\n<ol class=\"wp-block-list\">\n<li>Superficie \u00fatil de la vivienda o local<\/li>\n\n\n\n<li>Superficie construida de la vivienda o local<\/li>\n\n\n\n<li>Superficie \u00fatil de la vivienda o local incluida la parte proporcional de la\u00a0 superficie \u00fatil de las zonas comunes del edificio.<\/li>\n\n\n\n<li>Superficie construida de la vivienda o local incluidas la parte proporcional de superficie construida de las zonas comunes del edificio.<\/li>\n\n\n\n<li>La superficie \u00fatil de vivienda o local computable a efectos de aplicar el precio m\u00e1ximo de venta o de renta, seg\u00fan la definici\u00f3n legal incluida en la normativa de VPP de las CCAA,<\/li>\n<\/ol>\n\n\n\n<p>La legislaci\u00f3n auton\u00f3mica viene defini\u00e9ndolas tambi\u00e9n, y se basa en el <strong>art\u00edculo 4 del Real <a href=\"https:\/\/www.boe.es\/buscar\/act.php?id=BOE-A-1979-1217&amp;p=19860109&amp;tn=2\">Decreto 3148\/1978<\/a><\/strong>, de 10 de noviembre por el que se aprueba el <strong>Reglamento de Viviendas de Protecci\u00f3n Oficial<\/strong>, todav\u00eda vigente<\/p>\n\n\n\n<p>\u201cSe entiende por superficie \u00fatil la del suelo de la vivienda, cerrada por el per\u00edmetro definido por la cara interior de sus cerramientos con el exterior o con otras viviendas o locales de cualquier uso. Asimismo incluir\u00e1 la mitad de la superficie de suelo de los espacios exteriores de uso privativo de la vivienda tales como terrazas, miradores, tendederos, u otros hasta un m\u00e1ximo del diez por ciento de la superficie \u00fatil cerrada\u201d<\/p>\n\n\n\n<p>Es importante se\u00f1alar la diferencia fundamental entre la superficie \u00fatil geom\u00e9tricamente correcta y la superficie \u00fatil de las VPP, ambas son \u00fatiles, pero la primera contabiliza todos los espacios, privativos y comunes, del edificio, mientras que en el segundo caso, las correspondientes a las Viviendas de Protecci\u00f3n P\u00fablica, no se contabilizan las zonas comunes como son portales, escaleras, hueco de ascensor, cuartos de instalaciones, etc.<\/p>\n\n\n\n<h2 class=\"wp-block-heading\"><strong>SUPERFICIE \u00daTIL DE VIVIENDAS<\/strong><\/h2>\n\n\n\n<p>La superficie \u00fatil est\u00e1 formada por la superficie del suelo cerrada por el per\u00edmetro definido por la cara interior de sus cerramientos con el exterior, con otra vivienda o local de cualquier uso.<\/p>\n\n\n\n<p>En la superficie \u00fatil de las VPP, a efectos de venta o alquiler, no se considera la superficie \u00fatil del portal, ascensores y escaleras.<\/p>\n\n\n\n<p>8.- En la superficie \u00fatil de las VPP, se computan la superficie de los espacios exteriores privativos de cada vivienda con los siguientes limites:<\/p>\n\n\n\n<ol class=\"wp-block-list\">\n<li>50 % de la superficie \u00fatil real<\/li>\n\n\n\n<li>10 % de la superficie \u00fatil total interior<\/li>\n<\/ol>\n\n\n\n<p>En VPP es fundamental establecer la Relacion M2 \u00fatil\/constr (que puede oscilar entre 0,75 y 0,82) para poder pasar los m2 utiles exigidos por la legislaci\u00f3n a m2 construidos<\/p>\n\n\n\n<p>Se ha de entender que la superficie construida se paga (es un coste) mientras que la \u00fatil es la que se vende<\/p>\n\n\n\n<p><a>Cuidar la relaci\u00f3n entre superficie \u00fatil y construida es fundamental para el Promotor, por dos aspectos:<\/a><\/p>\n\n\n\n<p>a)&nbsp;&nbsp;&nbsp;&nbsp; Tema econ\u00f3mico derivado de los puntos anteriores, cuanto mayor sea la relaci\u00f3n (l\u00f3gicamente debe ser inferior a la unidad) m\u00e1s rentable ser\u00e1 la promoci\u00f3n.<\/p>\n\n\n\n<p>b)&nbsp;&nbsp;&nbsp;&nbsp; Un segundo aspecto, no menos importante, es la interpretaci\u00f3n comercial que pueden llevarse los clientes ante una desproporcionada relaci\u00f3n que no est\u00e9 bien justificada, como podr\u00eda ser el caso de contar como zona com\u00fan un gimnasio propiedad de la comunidad que tendr\u00eda una anormal influencia si no se explica detalladamente<\/p>\n\n\n\n<p>Todos estos temas est\u00e1n desarrollados con m\u00e1s profundidad en nuestros <strong>Cuadernos Pr\u00e1cticos Inmobiliarios (CPI)<\/strong>, concretamente en el <strong>\u201c<a>CU<\/a>03 SUPERFICIE \u00daTIL Y CONSTRUIDA&nbsp; DE UN EDIFICIO Y SUS DEPENDENCIAS\u201d &nbsp;<\/strong>y siguientes, al que se puede acceder desde nuestro BLOG&nbsp; <a href=\"https:\/\/prayde.com\/empresa\/cuadernos-por-temas\/\">Cuadernos del Promotor Inmobiliario<\/a><\/p>\n\n\n\n<p>Vea un <a href=\"https:\/\/prayde.com\/Cuadernos\/Indice%20por%20Temas.pdf\"><strong>\u00cdndice de los CPI, por Temas<\/strong><\/a><\/p>\n\n\n\n<p><strong>Use \u00abBuscar\u00bb en este Blog para encontrar lo que necesita entre nuestras m\u00e1s de 650 entradas\u00a0<\/strong><\/p>\n\n\n\n<h2 class=\"wp-block-heading\"><strong>M\u00e1s entradas sobre este tema<\/strong><\/h2>\n\n\n\n<p>y otros relacionados con la actividad inmobiliaria y promotora en<\/p>\n\n\n\n<ul class=\"wp-block-list\">\n<li>La Viabilidad de la Promocion Inmobiliaria <a href=\"https:\/\/prayde.com\/empresa\/busqueda-en-el-blog-viabilidad-de-la-promocion-inmobiliaria\/\">https:\/\/prayde.com\/empresa\/busqueda-en-el-blog-viabilidad-de-la-promocion-inmobiliaria\/<\/a><\/li>\n\n\n\n<li>Cuadernos del Promotor Inmobiliario en <a href=\"https:\/\/prayde.com\/empresa\/cuadernos-por-temas\/\">https:\/\/prayde.com\/empresa\/cuadernos-por-temas\/<\/a><\/li>\n\n\n\n<li>Software de An\u00e1lisis de Viabilidad de Promociones, <strong>Gestinmo<\/strong>, en <a href=\"https:\/\/prayde.com\/\"><strong>https:\/\/prayde.com<\/strong><\/a><\/li>\n\n\n\n<li>B\u00fascanos en Twitter \u00a0<a href=\"https:\/\/www.youtube.com\/redirect?event=video_description&amp;redir_token=QUFFLUhqa00wa3NVcmk1NlFiZmpnMDNVLUZTRXFMTmR4Z3xBQ3Jtc0tuZmhUU3J5ZmZUc2x6YTFMbVZwRjVjTFNZTEZ6N0RLVTdBRk92TnpjSHZTbllMZVA3TnlfR2NGdnFLLXdYSmp4eUQ4V292dWRXdm9mc0xnLWRjcS1TcGxqQ0lSSmZxQ2dWNFUzQUlxbnNZUEhnUW1zYw&amp;q=https%3A%2F%2Ftwitter.com%2FPraydeG\" target=\"_blank\" rel=\"noreferrer noopener\">https:\/\/twitter.com\/PraydeG<\/a> <strong>@PraydeG<\/strong><\/li>\n\n\n\n<li>Y en nuestros canales de YouTube <a href=\"https:\/\/www.youtube.com\/playlist?list=PL2rXgOV0kih4ImgRs2ky77CTbkIblLX36\"><strong>https:\/\/www.youtube.com\/playlist?list=PL2rXgOV0kih4ImgRs2ky77CTbkIblLX36<\/strong><\/a><\/li>\n\n\n\n<li><strong>Spotify<\/strong>: <strong>Desmontando una promoci\u00f3n Inmobiliaria <\/strong><a href=\"https:\/\/open.spotify.com\/show\/70rqfcJ5QURpunFnSnAlyd\">https:\/\/open.spotify.com\/show\/70rqfcJ5QURpunFnSnAlyd<\/a><\/li>\n<\/ul>\n\n\n\n<h2 class=\"wp-block-heading\"><br \/><br \/><br \/><br \/><p class=\"MsoNormal\" style=\"text-align:justify\"><b style=\"mso-bidi-font-weight:\nnormal\"><span style=\"font-size:11.0pt;line-height:114%;font-family:&quot;Calibri&quot;,sans-serif\">SUPERFICIE<br \/>\u00daTIL DE VIVIENDAS<\/span><\/b><\/p><\/h2>\n","protected":false},"excerpt":{"rendered":"<p>Las diferentes superficies de la VPP Hay diferentes superficies de la VPP, en un edificio de viviendas de protecci\u00f3n p\u00fablica. Coexisten siempre cinco tipos de superficie La legislaci\u00f3n auton\u00f3mica viene\u2026 <a class=\"continue-reading-link\" href=\"https:\/\/prayde.com\/empresa\/cuales-son-las-diferentes-superficies-de-la-vpp\/\">Continue leyendo<\/a><\/p>\n","protected":false},"author":1,"featured_media":0,"comment_status":"open","ping_status":"closed","sticky":false,"template":"","format":"standard","meta":{"footnotes":""},"categories":[1],"tags":[17,19,21,31],"class_list":["post-3088","post","type-post","status-publish","format-standard","hentry","category-sin-categoria","tag-cuadernos-practicos","tag-legislacion","tag-vivienda","tag-vpo"],"yoast_head":"<!-- This site is optimized with the Yoast SEO plugin v27.5 - https:\/\/yoast.com\/product\/yoast-seo-wordpress\/ -->\n<title>\u00bfCu\u00e1les son las diferentes superficies de la VPP? - Gestinmo<\/title>\n<meta name=\"description\" content=\"Hay diferentes superficies de la VPP, en un edificio de viviendas de protecci\u00f3n p\u00fablica. Coexisten siempre cinco tipos de superficie\" \/>\n<meta name=\"robots\" content=\"index, follow, max-snippet:-1, max-image-preview:large, max-video-preview:-1\" \/>\n<link rel=\"canonical\" href=\"https:\/\/prayde.com\/empresa\/cuales-son-las-diferentes-superficies-de-la-vpp\/\" \/>\n<meta property=\"og:locale\" content=\"es_ES\" \/>\n<meta property=\"og:type\" content=\"article\" \/>\n<meta property=\"og:title\" content=\"\u00bfCu\u00e1les son las diferentes superficies de la VPP? - Gestinmo\" \/>\n<meta property=\"og:description\" content=\"Hay diferentes superficies de la VPP, en un edificio de viviendas de protecci\u00f3n p\u00fablica. Coexisten siempre cinco tipos de superficie\" \/>\n<meta property=\"og:url\" content=\"https:\/\/prayde.com\/empresa\/cuales-son-las-diferentes-superficies-de-la-vpp\/\" \/>\n<meta property=\"og:site_name\" content=\"Gestinmo\" \/>\n<meta property=\"article:published_time\" content=\"2024-07-02T09:35:00+00:00\" \/>\n<meta property=\"og:image\" content=\"https:\/\/prayde.com\/empresa\/wp-content\/uploads\/2021\/08\/IMG_20210807_190656-300x216.jpg\" \/>\n<meta name=\"author\" content=\"jfcaparros\" \/>\n<meta name=\"twitter:card\" content=\"summary_large_image\" \/>\n<meta name=\"twitter:label1\" content=\"Escrito por\" \/>\n\t<meta name=\"twitter:data1\" content=\"jfcaparros\" \/>\n\t<meta name=\"twitter:label2\" content=\"Tiempo de lectura\" \/>\n\t<meta name=\"twitter:data2\" content=\"4 minutos\" \/>\n<script type=\"application\/ld+json\" class=\"yoast-schema-graph\">{\"@context\":\"https:\\\/\\\/schema.org\",\"@graph\":[{\"@type\":\"Article\",\"@id\":\"https:\\\/\\\/prayde.com\\\/empresa\\\/cuales-son-las-diferentes-superficies-de-la-vpp\\\/#article\",\"isPartOf\":{\"@id\":\"https:\\\/\\\/prayde.com\\\/empresa\\\/cuales-son-las-diferentes-superficies-de-la-vpp\\\/\"},\"author\":{\"name\":\"jfcaparros\",\"@id\":\"https:\\\/\\\/prayde.com\\\/empresa\\\/#\\\/schema\\\/person\\\/f8e0c96aaf660cad78380e9d37850f22\"},\"headline\":\"\u00bfCu\u00e1les son las diferentes superficies de la VPP?\",\"datePublished\":\"2024-07-02T09:35:00+00:00\",\"mainEntityOfPage\":{\"@id\":\"https:\\\/\\\/prayde.com\\\/empresa\\\/cuales-son-las-diferentes-superficies-de-la-vpp\\\/\"},\"wordCount\":736,\"commentCount\":0,\"publisher\":{\"@id\":\"https:\\\/\\\/prayde.com\\\/empresa\\\/#organization\"},\"image\":{\"@id\":\"https:\\\/\\\/prayde.com\\\/empresa\\\/cuales-son-las-diferentes-superficies-de-la-vpp\\\/#primaryimage\"},\"thumbnailUrl\":\"https:\\\/\\\/prayde.com\\\/empresa\\\/wp-content\\\/uploads\\\/2021\\\/08\\\/IMG_20210807_190656-300x216.jpg\",\"keywords\":[\"Cuadernos Practicos\",\"legislacion\",\"vivienda\",\"VPO\"],\"inLanguage\":\"es\",\"potentialAction\":[{\"@type\":\"CommentAction\",\"name\":\"Comment\",\"target\":[\"https:\\\/\\\/prayde.com\\\/empresa\\\/cuales-son-las-diferentes-superficies-de-la-vpp\\\/#respond\"]}]},{\"@type\":\"WebPage\",\"@id\":\"https:\\\/\\\/prayde.com\\\/empresa\\\/cuales-son-las-diferentes-superficies-de-la-vpp\\\/\",\"url\":\"https:\\\/\\\/prayde.com\\\/empresa\\\/cuales-son-las-diferentes-superficies-de-la-vpp\\\/\",\"name\":\"\u00bfCu\u00e1les son las diferentes superficies de la VPP? - Gestinmo\",\"isPartOf\":{\"@id\":\"https:\\\/\\\/prayde.com\\\/empresa\\\/#website\"},\"primaryImageOfPage\":{\"@id\":\"https:\\\/\\\/prayde.com\\\/empresa\\\/cuales-son-las-diferentes-superficies-de-la-vpp\\\/#primaryimage\"},\"image\":{\"@id\":\"https:\\\/\\\/prayde.com\\\/empresa\\\/cuales-son-las-diferentes-superficies-de-la-vpp\\\/#primaryimage\"},\"thumbnailUrl\":\"https:\\\/\\\/prayde.com\\\/empresa\\\/wp-content\\\/uploads\\\/2021\\\/08\\\/IMG_20210807_190656-300x216.jpg\",\"datePublished\":\"2024-07-02T09:35:00+00:00\",\"description\":\"Hay diferentes superficies de la VPP, en un edificio de viviendas de protecci\u00f3n p\u00fablica. Coexisten siempre cinco tipos de superficie\",\"breadcrumb\":{\"@id\":\"https:\\\/\\\/prayde.com\\\/empresa\\\/cuales-son-las-diferentes-superficies-de-la-vpp\\\/#breadcrumb\"},\"inLanguage\":\"es\",\"potentialAction\":[{\"@type\":\"ReadAction\",\"target\":[\"https:\\\/\\\/prayde.com\\\/empresa\\\/cuales-son-las-diferentes-superficies-de-la-vpp\\\/\"]}]},{\"@type\":\"ImageObject\",\"inLanguage\":\"es\",\"@id\":\"https:\\\/\\\/prayde.com\\\/empresa\\\/cuales-son-las-diferentes-superficies-de-la-vpp\\\/#primaryimage\",\"url\":\"https:\\\/\\\/prayde.com\\\/empresa\\\/wp-content\\\/uploads\\\/2021\\\/08\\\/IMG_20210807_190656.jpg\",\"contentUrl\":\"https:\\\/\\\/prayde.com\\\/empresa\\\/wp-content\\\/uploads\\\/2021\\\/08\\\/IMG_20210807_190656.jpg\",\"width\":1166,\"height\":841},{\"@type\":\"BreadcrumbList\",\"@id\":\"https:\\\/\\\/prayde.com\\\/empresa\\\/cuales-son-las-diferentes-superficies-de-la-vpp\\\/#breadcrumb\",\"itemListElement\":[{\"@type\":\"ListItem\",\"position\":1,\"name\":\"Portada\",\"item\":\"https:\\\/\\\/prayde.com\\\/empresa\\\/\"},{\"@type\":\"ListItem\",\"position\":2,\"name\":\"\u00bfCu\u00e1les son las diferentes superficies de la VPP?\"}]},{\"@type\":\"WebSite\",\"@id\":\"https:\\\/\\\/prayde.com\\\/empresa\\\/#website\",\"url\":\"https:\\\/\\\/prayde.com\\\/empresa\\\/\",\"name\":\"Gestinmo\",\"description\":\"Analizar la Rentabilidad y Riesgos de una Promocion Inmobiliaria\",\"publisher\":{\"@id\":\"https:\\\/\\\/prayde.com\\\/empresa\\\/#organization\"},\"potentialAction\":[{\"@type\":\"SearchAction\",\"target\":{\"@type\":\"EntryPoint\",\"urlTemplate\":\"https:\\\/\\\/prayde.com\\\/empresa\\\/?s={search_term_string}\"},\"query-input\":{\"@type\":\"PropertyValueSpecification\",\"valueRequired\":true,\"valueName\":\"search_term_string\"}}],\"inLanguage\":\"es\"},{\"@type\":\"Organization\",\"@id\":\"https:\\\/\\\/prayde.com\\\/empresa\\\/#organization\",\"name\":\"Gestinmo\",\"url\":\"https:\\\/\\\/prayde.com\\\/empresa\\\/\",\"logo\":{\"@type\":\"ImageObject\",\"inLanguage\":\"es\",\"@id\":\"https:\\\/\\\/prayde.com\\\/empresa\\\/#\\\/schema\\\/logo\\\/image\\\/\",\"url\":\"https:\\\/\\\/prayde.com\\\/empresa\\\/wp-content\\\/uploads\\\/2018\\\/12\\\/cropped-cropped-Prayde-Pe.jpg\",\"contentUrl\":\"https:\\\/\\\/prayde.com\\\/empresa\\\/wp-content\\\/uploads\\\/2018\\\/12\\\/cropped-cropped-Prayde-Pe.jpg\",\"width\":512,\"height\":512,\"caption\":\"Gestinmo\"},\"image\":{\"@id\":\"https:\\\/\\\/prayde.com\\\/empresa\\\/#\\\/schema\\\/logo\\\/image\\\/\"}},{\"@type\":\"Person\",\"@id\":\"https:\\\/\\\/prayde.com\\\/empresa\\\/#\\\/schema\\\/person\\\/f8e0c96aaf660cad78380e9d37850f22\",\"name\":\"jfcaparros\",\"image\":{\"@type\":\"ImageObject\",\"inLanguage\":\"es\",\"@id\":\"https:\\\/\\\/secure.gravatar.com\\\/avatar\\\/a275282a4f49c72bf010c86afa10d9fd2bf7a834cc9dcbc372cf350803eb7359?s=96&d=mm&r=g\",\"url\":\"https:\\\/\\\/secure.gravatar.com\\\/avatar\\\/a275282a4f49c72bf010c86afa10d9fd2bf7a834cc9dcbc372cf350803eb7359?s=96&d=mm&r=g\",\"contentUrl\":\"https:\\\/\\\/secure.gravatar.com\\\/avatar\\\/a275282a4f49c72bf010c86afa10d9fd2bf7a834cc9dcbc372cf350803eb7359?s=96&d=mm&r=g\",\"caption\":\"jfcaparros\"},\"url\":\"https:\\\/\\\/prayde.com\\\/empresa\\\/author\\\/jfcaparros\\\/\"}]}<\/script>\n<!-- \/ Yoast SEO plugin. -->","yoast_head_json":{"title":"\u00bfCu\u00e1les son las diferentes superficies de la VPP? - Gestinmo","description":"Hay diferentes superficies de la VPP, en un edificio de viviendas de protecci\u00f3n p\u00fablica. Coexisten siempre cinco tipos de superficie","robots":{"index":"index","follow":"follow","max-snippet":"max-snippet:-1","max-image-preview":"max-image-preview:large","max-video-preview":"max-video-preview:-1"},"canonical":"https:\/\/prayde.com\/empresa\/cuales-son-las-diferentes-superficies-de-la-vpp\/","og_locale":"es_ES","og_type":"article","og_title":"\u00bfCu\u00e1les son las diferentes superficies de la VPP? - Gestinmo","og_description":"Hay diferentes superficies de la VPP, en un edificio de viviendas de protecci\u00f3n p\u00fablica. Coexisten siempre cinco tipos de superficie","og_url":"https:\/\/prayde.com\/empresa\/cuales-son-las-diferentes-superficies-de-la-vpp\/","og_site_name":"Gestinmo","article_published_time":"2024-07-02T09:35:00+00:00","og_image":[{"url":"https:\/\/prayde.com\/empresa\/wp-content\/uploads\/2021\/08\/IMG_20210807_190656-300x216.jpg","type":"","width":"","height":""}],"author":"jfcaparros","twitter_card":"summary_large_image","twitter_misc":{"Escrito por":"jfcaparros","Tiempo de lectura":"4 minutos"},"schema":{"@context":"https:\/\/schema.org","@graph":[{"@type":"Article","@id":"https:\/\/prayde.com\/empresa\/cuales-son-las-diferentes-superficies-de-la-vpp\/#article","isPartOf":{"@id":"https:\/\/prayde.com\/empresa\/cuales-son-las-diferentes-superficies-de-la-vpp\/"},"author":{"name":"jfcaparros","@id":"https:\/\/prayde.com\/empresa\/#\/schema\/person\/f8e0c96aaf660cad78380e9d37850f22"},"headline":"\u00bfCu\u00e1les son las diferentes superficies de la VPP?","datePublished":"2024-07-02T09:35:00+00:00","mainEntityOfPage":{"@id":"https:\/\/prayde.com\/empresa\/cuales-son-las-diferentes-superficies-de-la-vpp\/"},"wordCount":736,"commentCount":0,"publisher":{"@id":"https:\/\/prayde.com\/empresa\/#organization"},"image":{"@id":"https:\/\/prayde.com\/empresa\/cuales-son-las-diferentes-superficies-de-la-vpp\/#primaryimage"},"thumbnailUrl":"https:\/\/prayde.com\/empresa\/wp-content\/uploads\/2021\/08\/IMG_20210807_190656-300x216.jpg","keywords":["Cuadernos Practicos","legislacion","vivienda","VPO"],"inLanguage":"es","potentialAction":[{"@type":"CommentAction","name":"Comment","target":["https:\/\/prayde.com\/empresa\/cuales-son-las-diferentes-superficies-de-la-vpp\/#respond"]}]},{"@type":"WebPage","@id":"https:\/\/prayde.com\/empresa\/cuales-son-las-diferentes-superficies-de-la-vpp\/","url":"https:\/\/prayde.com\/empresa\/cuales-son-las-diferentes-superficies-de-la-vpp\/","name":"\u00bfCu\u00e1les son las diferentes superficies de la VPP? - Gestinmo","isPartOf":{"@id":"https:\/\/prayde.com\/empresa\/#website"},"primaryImageOfPage":{"@id":"https:\/\/prayde.com\/empresa\/cuales-son-las-diferentes-superficies-de-la-vpp\/#primaryimage"},"image":{"@id":"https:\/\/prayde.com\/empresa\/cuales-son-las-diferentes-superficies-de-la-vpp\/#primaryimage"},"thumbnailUrl":"https:\/\/prayde.com\/empresa\/wp-content\/uploads\/2021\/08\/IMG_20210807_190656-300x216.jpg","datePublished":"2024-07-02T09:35:00+00:00","description":"Hay diferentes superficies de la VPP, en un edificio de viviendas de protecci\u00f3n p\u00fablica. Coexisten siempre cinco tipos de superficie","breadcrumb":{"@id":"https:\/\/prayde.com\/empresa\/cuales-son-las-diferentes-superficies-de-la-vpp\/#breadcrumb"},"inLanguage":"es","potentialAction":[{"@type":"ReadAction","target":["https:\/\/prayde.com\/empresa\/cuales-son-las-diferentes-superficies-de-la-vpp\/"]}]},{"@type":"ImageObject","inLanguage":"es","@id":"https:\/\/prayde.com\/empresa\/cuales-son-las-diferentes-superficies-de-la-vpp\/#primaryimage","url":"https:\/\/prayde.com\/empresa\/wp-content\/uploads\/2021\/08\/IMG_20210807_190656.jpg","contentUrl":"https:\/\/prayde.com\/empresa\/wp-content\/uploads\/2021\/08\/IMG_20210807_190656.jpg","width":1166,"height":841},{"@type":"BreadcrumbList","@id":"https:\/\/prayde.com\/empresa\/cuales-son-las-diferentes-superficies-de-la-vpp\/#breadcrumb","itemListElement":[{"@type":"ListItem","position":1,"name":"Portada","item":"https:\/\/prayde.com\/empresa\/"},{"@type":"ListItem","position":2,"name":"\u00bfCu\u00e1les son las diferentes superficies de la VPP?"}]},{"@type":"WebSite","@id":"https:\/\/prayde.com\/empresa\/#website","url":"https:\/\/prayde.com\/empresa\/","name":"Gestinmo","description":"Analizar la Rentabilidad y Riesgos de una Promocion Inmobiliaria","publisher":{"@id":"https:\/\/prayde.com\/empresa\/#organization"},"potentialAction":[{"@type":"SearchAction","target":{"@type":"EntryPoint","urlTemplate":"https:\/\/prayde.com\/empresa\/?s={search_term_string}"},"query-input":{"@type":"PropertyValueSpecification","valueRequired":true,"valueName":"search_term_string"}}],"inLanguage":"es"},{"@type":"Organization","@id":"https:\/\/prayde.com\/empresa\/#organization","name":"Gestinmo","url":"https:\/\/prayde.com\/empresa\/","logo":{"@type":"ImageObject","inLanguage":"es","@id":"https:\/\/prayde.com\/empresa\/#\/schema\/logo\/image\/","url":"https:\/\/prayde.com\/empresa\/wp-content\/uploads\/2018\/12\/cropped-cropped-Prayde-Pe.jpg","contentUrl":"https:\/\/prayde.com\/empresa\/wp-content\/uploads\/2018\/12\/cropped-cropped-Prayde-Pe.jpg","width":512,"height":512,"caption":"Gestinmo"},"image":{"@id":"https:\/\/prayde.com\/empresa\/#\/schema\/logo\/image\/"}},{"@type":"Person","@id":"https:\/\/prayde.com\/empresa\/#\/schema\/person\/f8e0c96aaf660cad78380e9d37850f22","name":"jfcaparros","image":{"@type":"ImageObject","inLanguage":"es","@id":"https:\/\/secure.gravatar.com\/avatar\/a275282a4f49c72bf010c86afa10d9fd2bf7a834cc9dcbc372cf350803eb7359?s=96&d=mm&r=g","url":"https:\/\/secure.gravatar.com\/avatar\/a275282a4f49c72bf010c86afa10d9fd2bf7a834cc9dcbc372cf350803eb7359?s=96&d=mm&r=g","contentUrl":"https:\/\/secure.gravatar.com\/avatar\/a275282a4f49c72bf010c86afa10d9fd2bf7a834cc9dcbc372cf350803eb7359?s=96&d=mm&r=g","caption":"jfcaparros"},"url":"https:\/\/prayde.com\/empresa\/author\/jfcaparros\/"}]}},"_links":{"self":[{"href":"https:\/\/prayde.com\/empresa\/wp-json\/wp\/v2\/posts\/3088","targetHints":{"allow":["GET"]}}],"collection":[{"href":"https:\/\/prayde.com\/empresa\/wp-json\/wp\/v2\/posts"}],"about":[{"href":"https:\/\/prayde.com\/empresa\/wp-json\/wp\/v2\/types\/post"}],"author":[{"embeddable":true,"href":"https:\/\/prayde.com\/empresa\/wp-json\/wp\/v2\/users\/1"}],"replies":[{"embeddable":true,"href":"https:\/\/prayde.com\/empresa\/wp-json\/wp\/v2\/comments?post=3088"}],"version-history":[{"count":1,"href":"https:\/\/prayde.com\/empresa\/wp-json\/wp\/v2\/posts\/3088\/revisions"}],"predecessor-version":[{"id":3089,"href":"https:\/\/prayde.com\/empresa\/wp-json\/wp\/v2\/posts\/3088\/revisions\/3089"}],"wp:attachment":[{"href":"https:\/\/prayde.com\/empresa\/wp-json\/wp\/v2\/media?parent=3088"}],"wp:term":[{"taxonomy":"category","embeddable":true,"href":"https:\/\/prayde.com\/empresa\/wp-json\/wp\/v2\/categories?post=3088"},{"taxonomy":"post_tag","embeddable":true,"href":"https:\/\/prayde.com\/empresa\/wp-json\/wp\/v2\/tags?post=3088"}],"curies":[{"name":"wp","href":"https:\/\/api.w.org\/{rel}","templated":true}]}}