{"id":3082,"date":"2024-06-18T08:32:00","date_gmt":"2024-06-18T08:32:00","guid":{"rendered":"https:\/\/prayde.com\/empresa\/?p=3082"},"modified":"2024-06-17T07:40:04","modified_gmt":"2024-06-17T07:40:04","slug":"como-se-calculan-los-coeficientes-de-propiedad-de-un-edificio","status":"publish","type":"post","link":"https:\/\/prayde.com\/empresa\/como-se-calculan-los-coeficientes-de-propiedad-de-un-edificio\/","title":{"rendered":"\u00bfComo se calculan los coeficientes de propiedad de un edificio?"},"content":{"rendered":"\n<h2 class=\"wp-block-heading\">Coeficientes de Propiedad<\/h2>\n\n\n\n<p>Se trata de <strong>calcular <\/strong>los coeficientes de propiedad \u00a0o cuotas de <strong>participaci\u00f3n<\/strong> de los distintos pisos, locales y anejos con los elementos comunes del edificio.<\/p>\n\n\n\n<figure class=\"wp-block-image size-medium\"><a href=\"https:\/\/prayde.com\/empresa\/wp-content\/uploads\/2022\/08\/simone-hutsch-8p6pdSkA-6A-unsplash.jpg\"><img loading=\"lazy\" decoding=\"async\" width=\"300\" height=\"232\" src=\"https:\/\/prayde.com\/empresa\/wp-content\/uploads\/2022\/08\/simone-hutsch-8p6pdSkA-6A-unsplash-300x232.jpg\" alt=\"Coeficientes de Propiedad\" class=\"wp-image-2002\" srcset=\"https:\/\/prayde.com\/empresa\/wp-content\/uploads\/2022\/08\/simone-hutsch-8p6pdSkA-6A-unsplash-300x232.jpg 300w, https:\/\/prayde.com\/empresa\/wp-content\/uploads\/2022\/08\/simone-hutsch-8p6pdSkA-6A-unsplash-1024x791.jpg 1024w, https:\/\/prayde.com\/empresa\/wp-content\/uploads\/2022\/08\/simone-hutsch-8p6pdSkA-6A-unsplash-768x593.jpg 768w, https:\/\/prayde.com\/empresa\/wp-content\/uploads\/2022\/08\/simone-hutsch-8p6pdSkA-6A-unsplash-194x150.jpg 194w, https:\/\/prayde.com\/empresa\/wp-content\/uploads\/2022\/08\/simone-hutsch-8p6pdSkA-6A-unsplash-150x116.jpg 150w, https:\/\/prayde.com\/empresa\/wp-content\/uploads\/2022\/08\/simone-hutsch-8p6pdSkA-6A-unsplash.jpg 1200w\" sizes=\"auto, (max-width: 300px) 100vw, 300px\" \/><\/a><\/figure>\n\n\n\n<h2 class=\"wp-block-heading\"><strong>REQUISITOS LEGALES<\/strong><\/h2>\n\n\n\n<p>Existen dos art\u00edculos en la <a href=\"https:\/\/www.boe.es\/buscar\/doc.php?id=BOE-A-1960-10906\"><strong>Ley 49\/1960<\/strong><\/a><strong>, de 21 de julio, sobre propiedad horizontal<\/strong> 1ue se ocupan del establecimiento de los coeficientes de copropiedad:<\/p>\n\n\n\n<p><strong><u>Articulo 3<\/u><\/strong> (solo se transcribe parcialmente en lo que se refiere al c\u00e1lculo)<\/p>\n\n\n\n<p><strong>Coeficiente de copropiedad<\/strong><\/p>\n\n\n\n<p>A cada piso o local se atribuir\u00e1 <strong>una cuota de participaci\u00f3n con relaci\u00f3n al total del valor del inmueble y referida a cent\u00e9simas del mismo.<\/strong><\/p>\n\n\n\n<p><strong><u>Articulo 5<\/u><\/strong> (solo se transcribe parcialmente en lo que se refiere al c\u00e1lculo)<\/p>\n\n\n\n<p>&nbsp;<strong>Cuota de participaci\u00f3n<\/strong> que corresponde a cada piso o local:<\/p>\n\n\n\n<p>Para su fijaci\u00f3n <strong>se tomar\u00e1 como base la superficie \u00fati<\/strong>l de cada piso o local en relaci\u00f3n con el total del inmueble, <strong>su emplazamiento<\/strong> interior o exterior, su situaci\u00f3n <strong>y el uso que se presuma <\/strong>racionalmente que va a efectuarse de los servicios o elementos comunes.<\/p>\n\n\n\n<ul class=\"wp-block-list\">\n<li>EMPLAZAMIENTO: INTERIOR O EXTERIOR<\/li>\n\n\n\n<li>SITUACI\u00d3N<\/li>\n\n\n\n<li>MAYOR O MENOR USO DE LOS ELEMENTOS COMUNES<\/li>\n<\/ul>\n\n\n\n<h2 class=\"wp-block-heading\"><strong>\u00a0SISTEMAS DE C\u00c1LCULO<\/strong><\/h2>\n\n\n\n<p><strong>El promotor puede utilizar estas ponderaciones de forma razonable y con la \u00fanica condici\u00f3n de que sumen 100<\/strong> ya que una vez inscritos los coeficientes de participaci\u00f3n en la propiedad del inmueble, se requiere unanimidad para rectificarlos, con la \u00fanica posibilidad de presentar una demanda ante el juez, que solo resolver\u00e1 favorablemente en caso de manifestarse desproporci\u00f3n.<\/p>\n\n\n\n<p>Seg\u00fan esta redacci\u00f3n la base de c\u00e1lculo, es la superficie \u00fatil en funci\u00f3n de los par\u00e1metros indicados, sin que el texto legal indique como, y con la \u00fanica condici\u00f3n de que la suma de cuotas tiene que ser 100, ya que estas deben reflejarse en cent\u00e9simas. <strong>Los par\u00e1metros de ponderaci\u00f3n<\/strong> son los siguientes:<\/p>\n\n\n\n<p>El promotor, que es quien otorga el documento, a la vista del dise\u00f1o del edificio y de la facilidad de su comercializaci\u00f3n, puede optar entre varias soluciones.<\/p>\n\n\n\n<p><strong><u>Los sistemas son diferentes seg\u00fan se trate de un \u00fanico edificio sea del uso que sea o de un complejo inmobiliario<\/u><\/strong><\/p>\n\n\n\n<h2 class=\"wp-block-heading\"><strong>APLICACI\u00d3N A UN EDIFICIO DE USO RESIDENCIAL<\/strong><\/h2>\n\n\n\n<p>Para un edificio de uso residencial por establecer las siguientes fincas nuevas<\/p>\n\n\n\n<ol class=\"wp-block-list\">\n<li><strong>Tantas fincas registrales independientes, como espacios privativos<\/strong> tenga el proyecto de la promoci\u00f3n: viviendas m\u00e1s locales m\u00e1s plazas de garaje m\u00e1s trasteros, todos ellos como fincas independientes,<\/li>\n\n\n\n<li><strong>Tantas fincas registrales independientes como viviendas\u00a0 y locales comerciales<\/strong> tenga la promoci\u00f3n <strong>m\u00e1s una finca registral \u00fanica para los trasteros<\/strong>, ubicados en una misma planta bajo cubierta <strong>y otra para las plazas de garaje<\/strong>, ubicada en las plantas s\u00f3tano del edificio.<\/li>\n\n\n\n<li>\u00cddem el sistema anterior pero ahora con los trasteros ubicados en la totalidad o en parte de una de las plantas s\u00f3tano.<\/li>\n\n\n\n<li><strong>Tantas fincas registrales independientes como viviendas a las que se les vincula un trastero<\/strong> y <strong>fincas registrales independientes para los locales comerciales y una sola finca registral para las plazas de garaje.<\/strong><\/li>\n\n\n\n<li><strong>Tantas fincas registrales independientes como viviendas a las que se les vincula un trastero y una plaza de garajes<\/strong>.<\/li>\n\n\n\n<li>Cualquiera de los sistemas anteriormente descritos, <strong>pero para los locales comerciales situados en la planta baja del edificio se considera un \u00fanico local, con la posibilidad de divisi\u00f3n posterior<\/strong> cuando estos sean comercializados por el promotor, con la condici\u00f3n de que reparta el coeficiente total asignado en la escritura inicial entre todos los que divida.<\/li>\n<\/ol>\n\n\n\n<p>Todos estos temas est\u00e1n desarrollados con m\u00e1s profundidad en nuestros <strong>Cuadernos Pr\u00e1cticos Inmobiliarios (CPI)<\/strong>, concretamente en el <strong>\u201cCU39 R\u00e9gimen de Propiedad Horizontal en Edificios<\/strong>\u201d, al que se puede acceder desde nuestro BLOG&nbsp; <a href=\"https:\/\/prayde.com\/empresa\/cuadernos-por-temas\/\">Cuadernos del Promotor Inmobiliario<\/a><\/p>\n\n\n\n<p>Vea un <a href=\"https:\/\/prayde.com\/Cuadernos\/Indice%20por%20Temas.pdf\"><strong>\u00cdndice de los CPI, por Temas<\/strong><\/a><\/p>\n\n\n\n<p><strong>Use \u00abBuscar\u00bb en este Blog para encontrar lo que necesita entre nuestras m\u00e1s de 650 entradas\u00a0<\/strong><\/p>\n\n\n\n<h2 class=\"wp-block-heading\"><strong>M\u00e1s entradas sobre este tema<\/strong><\/h2>\n\n\n\n<p>y otros relacionados con la actividad inmobiliaria y promotora en<\/p>\n\n\n\n<ul class=\"wp-block-list\">\n<li>La Viabilidad de la Promocion Inmobiliaria <a href=\"https:\/\/prayde.com\/empresa\/busqueda-en-el-blog-viabilidad-de-la-promocion-inmobiliaria\/\">https:\/\/prayde.com\/empresa\/busqueda-en-el-blog-viabilidad-de-la-promocion-inmobiliaria\/<\/a><\/li>\n\n\n\n<li>Cuadernos del Promotor Inmobiliario en <a href=\"https:\/\/prayde.com\/empresa\/cuadernos-por-temas\/\">https:\/\/prayde.com\/empresa\/cuadernos-por-temas\/<\/a><\/li>\n\n\n\n<li>Software de An\u00e1lisis de Viabilidad de Promociones, <strong>Gestinmo<\/strong>, en <a href=\"https:\/\/prayde.com\/\"><strong>https:\/\/prayde.com<\/strong><\/a><\/li>\n\n\n\n<li>B\u00fascanos en Twitter \u00a0<a href=\"https:\/\/www.youtube.com\/redirect?event=video_description&amp;redir_token=QUFFLUhqa00wa3NVcmk1NlFiZmpnMDNVLUZTRXFMTmR4Z3xBQ3Jtc0tuZmhUU3J5ZmZUc2x6YTFMbVZwRjVjTFNZTEZ6N0RLVTdBRk92TnpjSHZTbllMZVA3TnlfR2NGdnFLLXdYSmp4eUQ4V292dWRXdm9mc0xnLWRjcS1TcGxqQ0lSSmZxQ2dWNFUzQUlxbnNZUEhnUW1zYw&amp;q=https%3A%2F%2Ftwitter.com%2FPraydeG\" target=\"_blank\" rel=\"noreferrer noopener\">https:\/\/twitter.com\/PraydeG<\/a> <strong>@PraydeG<\/strong><\/li>\n\n\n\n<li>Y en nuestros canales de YouTube <a href=\"https:\/\/www.youtube.com\/playlist?list=PL2rXgOV0kih4ImgRs2ky77CTbkIblLX36\"><strong>https:\/\/www.youtube.com\/playlist?list=PL2rXgOV0kih4ImgRs2ky77CTbkIblLX36<\/strong><\/a><\/li>\n<\/ul>\n\n\n\n<p><strong>Spotify<\/strong>: <strong>Desmontando una promoci\u00f3n Inmobiliaria <\/strong><a href=\"https:\/\/open.spotify.com\/show\/70rqfcJ5QURpunFnSnAlyd\">https:\/\/open.spotify.com\/show\/70rqfcJ5QURpunFnSnAlyd<\/a><\/p>\n","protected":false},"excerpt":{"rendered":"<p>Coeficientes de Propiedad Se trata de calcular los coeficientes de propiedad \u00a0o cuotas de participaci\u00f3n de los distintos pisos, locales y anejos con los elementos comunes del edificio. REQUISITOS LEGALES\u2026 <a class=\"continue-reading-link\" href=\"https:\/\/prayde.com\/empresa\/como-se-calculan-los-coeficientes-de-propiedad-de-un-edificio\/\">Continue leyendo<\/a><\/p>\n","protected":false},"author":1,"featured_media":0,"comment_status":"open","ping_status":"closed","sticky":false,"template":"","format":"standard","meta":{"footnotes":""},"categories":[1],"tags":[17,19,21],"class_list":["post-3082","post","type-post","status-publish","format-standard","hentry","category-sin-categoria","tag-cuadernos-practicos","tag-legislacion","tag-vivienda"],"yoast_head":"<!-- This site is optimized with the Yoast SEO plugin v27.5 - https:\/\/yoast.com\/product\/yoast-seo-wordpress\/ -->\n<title>\u00bfComo se calculan los coeficientes de propiedad de un edificio? - Gestinmo<\/title>\n<meta name=\"description\" content=\"Se trata de calcular los coeficientes de propiedad o cuotas de los distintos pisos, locales y anejos con los elementos comunes del edificio\" \/>\n<meta name=\"robots\" content=\"index, follow, max-snippet:-1, max-image-preview:large, max-video-preview:-1\" \/>\n<link rel=\"canonical\" href=\"https:\/\/prayde.com\/empresa\/como-se-calculan-los-coeficientes-de-propiedad-de-un-edificio\/\" \/>\n<meta property=\"og:locale\" content=\"es_ES\" \/>\n<meta property=\"og:type\" content=\"article\" \/>\n<meta property=\"og:title\" content=\"\u00bfComo se calculan los coeficientes de propiedad de un edificio? - Gestinmo\" \/>\n<meta property=\"og:description\" content=\"Se trata de calcular los coeficientes de propiedad o cuotas de los distintos pisos, locales y anejos con los elementos comunes del edificio\" \/>\n<meta property=\"og:url\" content=\"https:\/\/prayde.com\/empresa\/como-se-calculan-los-coeficientes-de-propiedad-de-un-edificio\/\" \/>\n<meta property=\"og:site_name\" content=\"Gestinmo\" \/>\n<meta property=\"article:published_time\" content=\"2024-06-18T08:32:00+00:00\" \/>\n<meta property=\"og:image\" content=\"https:\/\/prayde.com\/empresa\/wp-content\/uploads\/2022\/08\/simone-hutsch-8p6pdSkA-6A-unsplash-300x232.jpg\" \/>\n<meta name=\"author\" content=\"jfcaparros\" \/>\n<meta name=\"twitter:card\" content=\"summary_large_image\" \/>\n<meta name=\"twitter:label1\" content=\"Escrito por\" \/>\n\t<meta name=\"twitter:data1\" content=\"jfcaparros\" \/>\n\t<meta name=\"twitter:label2\" content=\"Tiempo de lectura\" \/>\n\t<meta name=\"twitter:data2\" content=\"4 minutos\" \/>\n<script type=\"application\/ld+json\" class=\"yoast-schema-graph\">{\"@context\":\"https:\\\/\\\/schema.org\",\"@graph\":[{\"@type\":\"Article\",\"@id\":\"https:\\\/\\\/prayde.com\\\/empresa\\\/como-se-calculan-los-coeficientes-de-propiedad-de-un-edificio\\\/#article\",\"isPartOf\":{\"@id\":\"https:\\\/\\\/prayde.com\\\/empresa\\\/como-se-calculan-los-coeficientes-de-propiedad-de-un-edificio\\\/\"},\"author\":{\"name\":\"jfcaparros\",\"@id\":\"https:\\\/\\\/prayde.com\\\/empresa\\\/#\\\/schema\\\/person\\\/f8e0c96aaf660cad78380e9d37850f22\"},\"headline\":\"\u00bfComo se calculan los coeficientes de propiedad de un edificio?\",\"datePublished\":\"2024-06-18T08:32:00+00:00\",\"mainEntityOfPage\":{\"@id\":\"https:\\\/\\\/prayde.com\\\/empresa\\\/como-se-calculan-los-coeficientes-de-propiedad-de-un-edificio\\\/\"},\"wordCount\":752,\"commentCount\":0,\"publisher\":{\"@id\":\"https:\\\/\\\/prayde.com\\\/empresa\\\/#organization\"},\"image\":{\"@id\":\"https:\\\/\\\/prayde.com\\\/empresa\\\/como-se-calculan-los-coeficientes-de-propiedad-de-un-edificio\\\/#primaryimage\"},\"thumbnailUrl\":\"https:\\\/\\\/prayde.com\\\/empresa\\\/wp-content\\\/uploads\\\/2022\\\/08\\\/simone-hutsch-8p6pdSkA-6A-unsplash-300x232.jpg\",\"keywords\":[\"Cuadernos Practicos\",\"legislacion\",\"vivienda\"],\"inLanguage\":\"es\",\"potentialAction\":[{\"@type\":\"CommentAction\",\"name\":\"Comment\",\"target\":[\"https:\\\/\\\/prayde.com\\\/empresa\\\/como-se-calculan-los-coeficientes-de-propiedad-de-un-edificio\\\/#respond\"]}]},{\"@type\":\"WebPage\",\"@id\":\"https:\\\/\\\/prayde.com\\\/empresa\\\/como-se-calculan-los-coeficientes-de-propiedad-de-un-edificio\\\/\",\"url\":\"https:\\\/\\\/prayde.com\\\/empresa\\\/como-se-calculan-los-coeficientes-de-propiedad-de-un-edificio\\\/\",\"name\":\"\u00bfComo se calculan los coeficientes de propiedad de un edificio? - Gestinmo\",\"isPartOf\":{\"@id\":\"https:\\\/\\\/prayde.com\\\/empresa\\\/#website\"},\"primaryImageOfPage\":{\"@id\":\"https:\\\/\\\/prayde.com\\\/empresa\\\/como-se-calculan-los-coeficientes-de-propiedad-de-un-edificio\\\/#primaryimage\"},\"image\":{\"@id\":\"https:\\\/\\\/prayde.com\\\/empresa\\\/como-se-calculan-los-coeficientes-de-propiedad-de-un-edificio\\\/#primaryimage\"},\"thumbnailUrl\":\"https:\\\/\\\/prayde.com\\\/empresa\\\/wp-content\\\/uploads\\\/2022\\\/08\\\/simone-hutsch-8p6pdSkA-6A-unsplash-300x232.jpg\",\"datePublished\":\"2024-06-18T08:32:00+00:00\",\"description\":\"Se trata de calcular los coeficientes de propiedad o cuotas de los distintos pisos, locales y anejos con los elementos comunes del edificio\",\"breadcrumb\":{\"@id\":\"https:\\\/\\\/prayde.com\\\/empresa\\\/como-se-calculan-los-coeficientes-de-propiedad-de-un-edificio\\\/#breadcrumb\"},\"inLanguage\":\"es\",\"potentialAction\":[{\"@type\":\"ReadAction\",\"target\":[\"https:\\\/\\\/prayde.com\\\/empresa\\\/como-se-calculan-los-coeficientes-de-propiedad-de-un-edificio\\\/\"]}]},{\"@type\":\"ImageObject\",\"inLanguage\":\"es\",\"@id\":\"https:\\\/\\\/prayde.com\\\/empresa\\\/como-se-calculan-los-coeficientes-de-propiedad-de-un-edificio\\\/#primaryimage\",\"url\":\"https:\\\/\\\/prayde.com\\\/empresa\\\/wp-content\\\/uploads\\\/2022\\\/08\\\/simone-hutsch-8p6pdSkA-6A-unsplash.jpg\",\"contentUrl\":\"https:\\\/\\\/prayde.com\\\/empresa\\\/wp-content\\\/uploads\\\/2022\\\/08\\\/simone-hutsch-8p6pdSkA-6A-unsplash.jpg\",\"width\":1200,\"height\":927},{\"@type\":\"BreadcrumbList\",\"@id\":\"https:\\\/\\\/prayde.com\\\/empresa\\\/como-se-calculan-los-coeficientes-de-propiedad-de-un-edificio\\\/#breadcrumb\",\"itemListElement\":[{\"@type\":\"ListItem\",\"position\":1,\"name\":\"Portada\",\"item\":\"https:\\\/\\\/prayde.com\\\/empresa\\\/\"},{\"@type\":\"ListItem\",\"position\":2,\"name\":\"\u00bfComo se calculan los coeficientes de propiedad de un edificio?\"}]},{\"@type\":\"WebSite\",\"@id\":\"https:\\\/\\\/prayde.com\\\/empresa\\\/#website\",\"url\":\"https:\\\/\\\/prayde.com\\\/empresa\\\/\",\"name\":\"Gestinmo\",\"description\":\"Analizar la Rentabilidad y Riesgos de una Promocion Inmobiliaria\",\"publisher\":{\"@id\":\"https:\\\/\\\/prayde.com\\\/empresa\\\/#organization\"},\"potentialAction\":[{\"@type\":\"SearchAction\",\"target\":{\"@type\":\"EntryPoint\",\"urlTemplate\":\"https:\\\/\\\/prayde.com\\\/empresa\\\/?s={search_term_string}\"},\"query-input\":{\"@type\":\"PropertyValueSpecification\",\"valueRequired\":true,\"valueName\":\"search_term_string\"}}],\"inLanguage\":\"es\"},{\"@type\":\"Organization\",\"@id\":\"https:\\\/\\\/prayde.com\\\/empresa\\\/#organization\",\"name\":\"Gestinmo\",\"url\":\"https:\\\/\\\/prayde.com\\\/empresa\\\/\",\"logo\":{\"@type\":\"ImageObject\",\"inLanguage\":\"es\",\"@id\":\"https:\\\/\\\/prayde.com\\\/empresa\\\/#\\\/schema\\\/logo\\\/image\\\/\",\"url\":\"https:\\\/\\\/prayde.com\\\/empresa\\\/wp-content\\\/uploads\\\/2018\\\/12\\\/cropped-cropped-Prayde-Pe.jpg\",\"contentUrl\":\"https:\\\/\\\/prayde.com\\\/empresa\\\/wp-content\\\/uploads\\\/2018\\\/12\\\/cropped-cropped-Prayde-Pe.jpg\",\"width\":512,\"height\":512,\"caption\":\"Gestinmo\"},\"image\":{\"@id\":\"https:\\\/\\\/prayde.com\\\/empresa\\\/#\\\/schema\\\/logo\\\/image\\\/\"}},{\"@type\":\"Person\",\"@id\":\"https:\\\/\\\/prayde.com\\\/empresa\\\/#\\\/schema\\\/person\\\/f8e0c96aaf660cad78380e9d37850f22\",\"name\":\"jfcaparros\",\"image\":{\"@type\":\"ImageObject\",\"inLanguage\":\"es\",\"@id\":\"https:\\\/\\\/secure.gravatar.com\\\/avatar\\\/a275282a4f49c72bf010c86afa10d9fd2bf7a834cc9dcbc372cf350803eb7359?s=96&d=mm&r=g\",\"url\":\"https:\\\/\\\/secure.gravatar.com\\\/avatar\\\/a275282a4f49c72bf010c86afa10d9fd2bf7a834cc9dcbc372cf350803eb7359?s=96&d=mm&r=g\",\"contentUrl\":\"https:\\\/\\\/secure.gravatar.com\\\/avatar\\\/a275282a4f49c72bf010c86afa10d9fd2bf7a834cc9dcbc372cf350803eb7359?s=96&d=mm&r=g\",\"caption\":\"jfcaparros\"},\"url\":\"https:\\\/\\\/prayde.com\\\/empresa\\\/author\\\/jfcaparros\\\/\"}]}<\/script>\n<!-- \/ Yoast SEO plugin. -->","yoast_head_json":{"title":"\u00bfComo se calculan los coeficientes de propiedad de un edificio? - Gestinmo","description":"Se trata de calcular los coeficientes de propiedad o cuotas de los distintos pisos, locales y anejos con los elementos comunes del edificio","robots":{"index":"index","follow":"follow","max-snippet":"max-snippet:-1","max-image-preview":"max-image-preview:large","max-video-preview":"max-video-preview:-1"},"canonical":"https:\/\/prayde.com\/empresa\/como-se-calculan-los-coeficientes-de-propiedad-de-un-edificio\/","og_locale":"es_ES","og_type":"article","og_title":"\u00bfComo se calculan los coeficientes de propiedad de un edificio? - Gestinmo","og_description":"Se trata de calcular los coeficientes de propiedad o cuotas de los distintos pisos, locales y anejos con los elementos comunes del edificio","og_url":"https:\/\/prayde.com\/empresa\/como-se-calculan-los-coeficientes-de-propiedad-de-un-edificio\/","og_site_name":"Gestinmo","article_published_time":"2024-06-18T08:32:00+00:00","og_image":[{"url":"https:\/\/prayde.com\/empresa\/wp-content\/uploads\/2022\/08\/simone-hutsch-8p6pdSkA-6A-unsplash-300x232.jpg","type":"","width":"","height":""}],"author":"jfcaparros","twitter_card":"summary_large_image","twitter_misc":{"Escrito por":"jfcaparros","Tiempo de lectura":"4 minutos"},"schema":{"@context":"https:\/\/schema.org","@graph":[{"@type":"Article","@id":"https:\/\/prayde.com\/empresa\/como-se-calculan-los-coeficientes-de-propiedad-de-un-edificio\/#article","isPartOf":{"@id":"https:\/\/prayde.com\/empresa\/como-se-calculan-los-coeficientes-de-propiedad-de-un-edificio\/"},"author":{"name":"jfcaparros","@id":"https:\/\/prayde.com\/empresa\/#\/schema\/person\/f8e0c96aaf660cad78380e9d37850f22"},"headline":"\u00bfComo se calculan los coeficientes de propiedad de un edificio?","datePublished":"2024-06-18T08:32:00+00:00","mainEntityOfPage":{"@id":"https:\/\/prayde.com\/empresa\/como-se-calculan-los-coeficientes-de-propiedad-de-un-edificio\/"},"wordCount":752,"commentCount":0,"publisher":{"@id":"https:\/\/prayde.com\/empresa\/#organization"},"image":{"@id":"https:\/\/prayde.com\/empresa\/como-se-calculan-los-coeficientes-de-propiedad-de-un-edificio\/#primaryimage"},"thumbnailUrl":"https:\/\/prayde.com\/empresa\/wp-content\/uploads\/2022\/08\/simone-hutsch-8p6pdSkA-6A-unsplash-300x232.jpg","keywords":["Cuadernos Practicos","legislacion","vivienda"],"inLanguage":"es","potentialAction":[{"@type":"CommentAction","name":"Comment","target":["https:\/\/prayde.com\/empresa\/como-se-calculan-los-coeficientes-de-propiedad-de-un-edificio\/#respond"]}]},{"@type":"WebPage","@id":"https:\/\/prayde.com\/empresa\/como-se-calculan-los-coeficientes-de-propiedad-de-un-edificio\/","url":"https:\/\/prayde.com\/empresa\/como-se-calculan-los-coeficientes-de-propiedad-de-un-edificio\/","name":"\u00bfComo se calculan los coeficientes de propiedad de un edificio? - Gestinmo","isPartOf":{"@id":"https:\/\/prayde.com\/empresa\/#website"},"primaryImageOfPage":{"@id":"https:\/\/prayde.com\/empresa\/como-se-calculan-los-coeficientes-de-propiedad-de-un-edificio\/#primaryimage"},"image":{"@id":"https:\/\/prayde.com\/empresa\/como-se-calculan-los-coeficientes-de-propiedad-de-un-edificio\/#primaryimage"},"thumbnailUrl":"https:\/\/prayde.com\/empresa\/wp-content\/uploads\/2022\/08\/simone-hutsch-8p6pdSkA-6A-unsplash-300x232.jpg","datePublished":"2024-06-18T08:32:00+00:00","description":"Se trata de calcular los coeficientes de propiedad o cuotas de los distintos pisos, locales y anejos con los elementos comunes del edificio","breadcrumb":{"@id":"https:\/\/prayde.com\/empresa\/como-se-calculan-los-coeficientes-de-propiedad-de-un-edificio\/#breadcrumb"},"inLanguage":"es","potentialAction":[{"@type":"ReadAction","target":["https:\/\/prayde.com\/empresa\/como-se-calculan-los-coeficientes-de-propiedad-de-un-edificio\/"]}]},{"@type":"ImageObject","inLanguage":"es","@id":"https:\/\/prayde.com\/empresa\/como-se-calculan-los-coeficientes-de-propiedad-de-un-edificio\/#primaryimage","url":"https:\/\/prayde.com\/empresa\/wp-content\/uploads\/2022\/08\/simone-hutsch-8p6pdSkA-6A-unsplash.jpg","contentUrl":"https:\/\/prayde.com\/empresa\/wp-content\/uploads\/2022\/08\/simone-hutsch-8p6pdSkA-6A-unsplash.jpg","width":1200,"height":927},{"@type":"BreadcrumbList","@id":"https:\/\/prayde.com\/empresa\/como-se-calculan-los-coeficientes-de-propiedad-de-un-edificio\/#breadcrumb","itemListElement":[{"@type":"ListItem","position":1,"name":"Portada","item":"https:\/\/prayde.com\/empresa\/"},{"@type":"ListItem","position":2,"name":"\u00bfComo se calculan los coeficientes de propiedad de un edificio?"}]},{"@type":"WebSite","@id":"https:\/\/prayde.com\/empresa\/#website","url":"https:\/\/prayde.com\/empresa\/","name":"Gestinmo","description":"Analizar la Rentabilidad y Riesgos de una Promocion Inmobiliaria","publisher":{"@id":"https:\/\/prayde.com\/empresa\/#organization"},"potentialAction":[{"@type":"SearchAction","target":{"@type":"EntryPoint","urlTemplate":"https:\/\/prayde.com\/empresa\/?s={search_term_string}"},"query-input":{"@type":"PropertyValueSpecification","valueRequired":true,"valueName":"search_term_string"}}],"inLanguage":"es"},{"@type":"Organization","@id":"https:\/\/prayde.com\/empresa\/#organization","name":"Gestinmo","url":"https:\/\/prayde.com\/empresa\/","logo":{"@type":"ImageObject","inLanguage":"es","@id":"https:\/\/prayde.com\/empresa\/#\/schema\/logo\/image\/","url":"https:\/\/prayde.com\/empresa\/wp-content\/uploads\/2018\/12\/cropped-cropped-Prayde-Pe.jpg","contentUrl":"https:\/\/prayde.com\/empresa\/wp-content\/uploads\/2018\/12\/cropped-cropped-Prayde-Pe.jpg","width":512,"height":512,"caption":"Gestinmo"},"image":{"@id":"https:\/\/prayde.com\/empresa\/#\/schema\/logo\/image\/"}},{"@type":"Person","@id":"https:\/\/prayde.com\/empresa\/#\/schema\/person\/f8e0c96aaf660cad78380e9d37850f22","name":"jfcaparros","image":{"@type":"ImageObject","inLanguage":"es","@id":"https:\/\/secure.gravatar.com\/avatar\/a275282a4f49c72bf010c86afa10d9fd2bf7a834cc9dcbc372cf350803eb7359?s=96&d=mm&r=g","url":"https:\/\/secure.gravatar.com\/avatar\/a275282a4f49c72bf010c86afa10d9fd2bf7a834cc9dcbc372cf350803eb7359?s=96&d=mm&r=g","contentUrl":"https:\/\/secure.gravatar.com\/avatar\/a275282a4f49c72bf010c86afa10d9fd2bf7a834cc9dcbc372cf350803eb7359?s=96&d=mm&r=g","caption":"jfcaparros"},"url":"https:\/\/prayde.com\/empresa\/author\/jfcaparros\/"}]}},"_links":{"self":[{"href":"https:\/\/prayde.com\/empresa\/wp-json\/wp\/v2\/posts\/3082","targetHints":{"allow":["GET"]}}],"collection":[{"href":"https:\/\/prayde.com\/empresa\/wp-json\/wp\/v2\/posts"}],"about":[{"href":"https:\/\/prayde.com\/empresa\/wp-json\/wp\/v2\/types\/post"}],"author":[{"embeddable":true,"href":"https:\/\/prayde.com\/empresa\/wp-json\/wp\/v2\/users\/1"}],"replies":[{"embeddable":true,"href":"https:\/\/prayde.com\/empresa\/wp-json\/wp\/v2\/comments?post=3082"}],"version-history":[{"count":1,"href":"https:\/\/prayde.com\/empresa\/wp-json\/wp\/v2\/posts\/3082\/revisions"}],"predecessor-version":[{"id":3083,"href":"https:\/\/prayde.com\/empresa\/wp-json\/wp\/v2\/posts\/3082\/revisions\/3083"}],"wp:attachment":[{"href":"https:\/\/prayde.com\/empresa\/wp-json\/wp\/v2\/media?parent=3082"}],"wp:term":[{"taxonomy":"category","embeddable":true,"href":"https:\/\/prayde.com\/empresa\/wp-json\/wp\/v2\/categories?post=3082"},{"taxonomy":"post_tag","embeddable":true,"href":"https:\/\/prayde.com\/empresa\/wp-json\/wp\/v2\/tags?post=3082"}],"curies":[{"name":"wp","href":"https:\/\/api.w.org\/{rel}","templated":true}]}}