{"id":2518,"date":"2023-05-03T08:44:17","date_gmt":"2023-05-03T08:44:17","guid":{"rendered":"https:\/\/prayde.com\/empresa\/?p=2518"},"modified":"2023-05-03T08:44:17","modified_gmt":"2023-05-03T08:44:17","slug":"las-lineas-maestras-del-plan-de-vivienda-2022-25","status":"publish","type":"post","link":"https:\/\/prayde.com\/empresa\/las-lineas-maestras-del-plan-de-vivienda-2022-25\/","title":{"rendered":"Las lineas maestras del Plan de Vivienda 2022-25"},"content":{"rendered":"\n<h2 class=\"wp-block-heading\">Plan de Vivienda 2022-25<\/h2>\n\n\n\n<p>El marco legal del Plan de Vivienda 2022-25 \u00a0lo constituye <a><strong>Real Decreto 42\/2022<\/strong>, de 18 de enero, por el que se regula el <strong>Bono Alquiler Joven<\/strong> y el <\/a><a href=\"https:\/\/www.boe.es\/buscar\/act.php?id=BOE-A-2022-802\"><strong>Plan Estatal para el acceso a la vivienda 2022-2025<\/strong><\/a>.<\/p>\n\n\n\n<figure class=\"wp-block-image size-medium\"><a href=\"https:\/\/prayde.com\/empresa\/wp-content\/uploads\/2022\/01\/vpo-vpp.jpg\"><img loading=\"lazy\" decoding=\"async\" width=\"300\" height=\"169\" src=\"https:\/\/prayde.com\/empresa\/wp-content\/uploads\/2022\/01\/vpo-vpp-300x169.jpg\" alt=\"Plan de Vivienda 2022-25  \" class=\"wp-image-1313\" srcset=\"https:\/\/prayde.com\/empresa\/wp-content\/uploads\/2022\/01\/vpo-vpp-300x169.jpg 300w, https:\/\/prayde.com\/empresa\/wp-content\/uploads\/2022\/01\/vpo-vpp-250x141.jpg 250w, https:\/\/prayde.com\/empresa\/wp-content\/uploads\/2022\/01\/vpo-vpp-150x84.jpg 150w, https:\/\/prayde.com\/empresa\/wp-content\/uploads\/2022\/01\/vpo-vpp.jpg 667w\" sizes=\"auto, (max-width: 300px) 100vw, 300px\" \/><\/a><\/figure>\n\n\n\n<p>Dicho Plan sustituye al anterior <a href=\"https:\/\/www.boe.es\/diario_boe\/txt.php?id=BOE-A-2018-3358\"><strong>Plan Estatal de Vivienda 2018-2021<\/strong><\/a>, que fue prorrogado durante 2022, debido a la pandemia del COVID en Espa\u00f1a y que ya comentamos en el CPI 48<\/p>\n\n\n\n<p>En su exposici\u00f3n de motivos se consolida el cambio de modelo de las actuaciones subvencionables, en las que no se consideran las actuaciones en materia de Vivienda Protegida o con Protecci\u00f3n P\u00fablica, denominadas gen\u00e9ricamente VPP. <\/p>\n\n\n\n<p>Cuya financiaci\u00f3n y conceptuaci\u00f3n se dejan en manos de las CCAA (que en el texto se se\u00f1ala con esta abreviatura tanto a las Comunidades Aut\u00f3nomas como a las Ciudades de Ceuta y Melilla).<\/p>\n\n\n\n<p><strong>Actualmente se est\u00e1 tramitando la nueva Ley Estatal de Vivienda; pero, a lo que parece, sus objetivos son distintos de los que persigue ese Plan , que tambi\u00e9n es legislaci\u00f3n Ya veremos cuando se publique en el BOE<\/strong><\/p>\n\n\n\n<h2 class=\"wp-block-heading\"><strong>LINEAS MAESTRAS DEL PLAN<\/strong><\/h2>\n\n\n\n<p>Actualmente tenemos el problema de los alquileres y el envejecimiento de la poblaci\u00f3n espa\u00f1ola.<\/p>\n\n\n\n<p>Nos cuesta mucho homologarnos con la UE ya que en esta existe una proporci\u00f3n entre viviendas en alquiler frente al total del 30,8 % de media y en Espala solo est\u00e1bamos en el 17 % en 2012, pasando al 22 % en 2017, lejos de la media de la UE.<\/p>\n\n\n\n<p>En cuanto al segundo problema, el del envejecimiento de la poblaci\u00f3n espa\u00f1ola, los datos del INE en 2007 la edad media de la poblaci\u00f3n espa\u00f1ola subi\u00f3 2,2 a\u00f1os hasta situarse en 42,9 a\u00f1os frente a la media de la UE que estaba situada en 39,5 a\u00f1os. En la \u00e9poca actual existen en Espa\u00f1a m\u00e1s de 7 millones de personas con una edad superior a 65 a\u00f1os<\/p>\n\n\n\n<h2 class=\"wp-block-heading\">Este Plan se centra en los siguientes aspectos:<\/h2>\n\n\n\n<p>Se cuenta con el <strong>Plan de Recuperaci\u00f3n, Transformaci\u00f3n y Resiliencia<\/strong> del <a href=\"https:\/\/www.boe.es\/buscar\/act.php?id=BOE-A-2021-16233\"><strong>Real Decreto 853\/2021<\/strong><\/a>, de 5 de octubre, por el que se regulan los <strong>programas de ayuda en materia de rehabilitaci\u00f3n residencial y vivienda social<\/strong><\/p>\n\n\n\n<p>Tambi\u00e9n, con car\u00e1cter estructural, debe destacarse la elaboraci\u00f3n de un Anteproyecto de Ley por el Derecho a la Vivienda, que tiene por objeto regular y, en particular, el derecho a acceder a una vivienda digna y adecuada y al disfrute de la misma<\/p>\n\n\n\n<p>Se da continuidad a las modificaciones que en materia de ayudas estatales a la vivienda implement\u00f3 el Real Decreto-ley 11\/2020, con\u00a0incidencia directa en la <strong>oferta de vivienda en alquiler asequible o social<\/strong>, as\u00ed como objetivos de <strong>mejora de la accesibilidad<\/strong> de nuestras viviendas y de <strong>regeneraci\u00f3n de zonas degradadas,\u00a0 propiciando el incremento del parque p\u00fablico de vivienda<\/strong><\/p>\n\n\n\n<h2 class=\"wp-block-heading\">Los objetivos son<strong> Incrementar la oferta de vivienda en alquiler<\/strong>:<\/h2>\n\n\n\n<ul class=\"wp-block-list\">\n<li>Mediante el impulso del parque p\u00fablico de vivienda, estableciendo <strong>ayudas a la adquisici\u00f3n de viviendas por las administraciones p\u00fablicas<\/strong> o sus entidades vinculadas o dependientes<\/li>\n\n\n\n<li>para las <strong>personas mayores o con discapacidad,<\/strong> mediante <strong>ayudas a la promoci\u00f3n<\/strong> de viviendas<\/li>\n\n\n\n<li>Impulsar la <strong>promoci\u00f3n de alojamientos temporales<\/strong>, de modalidades residenciales tipo <strong>cohousing<\/strong>, que vayan a ser destinados al alquiler<\/li>\n\n\n\n<li><strong>Puesta a disposici\u00f3n<\/strong> de las comunidades aut\u00f3nomas y entidades locales, as\u00ed como de sus entidades vinculadas o dependientes, de <strong>viviendas libres de gestores privados<\/strong> de vivienda en alquiler<\/li>\n<\/ul>\n\n\n\n<p><strong>La mejora de la accesibilidad<\/strong> de nuestras viviendas mediante la implementaci\u00f3n de <strong>ayudas superiores<\/strong> a las establecidas en el Plan Estatal de Vivienda 2018-2021<\/p>\n\n\n\n<p>Tambi\u00e9n se regula el <strong>Bono Alquiler Joven<\/strong> con una ayuda de 250 \u20ac\/mes para personas hasta treinta y cinco a\u00f1os incluidos, con objeto de facilitar su emancipaci\u00f3n. La unidad de convivencia no podr\u00e1 tener ingresos superiores a 3 veces el IPREM.<\/p>\n\n\n\n<p>Este aspecto del RD no afecta desde el punto de vista del promotor o del patrimonialista, por lo que no lo comentaremos en este CPI<\/p>\n\n\n\n<h2 class=\"wp-block-heading\"><strong>COMENTARIO sobre los programas del plan :<\/strong><\/h2>\n\n\n\n<p>El programa 1 tiene por objeto tratar situaciones muy concretas de concesiones de Subsidiaci\u00f3n de pr\u00e9stamos convenidos de planes anteriores que no son objeto en general de actuaciones promotoras.<\/p>\n\n\n\n<p>Y el programa numero 12 trata ayuda a la erradicaci\u00f3n de zonas degradadas,&nbsp; que tiene por consecuencias desalojos masivos de propietarios e inquilinos que, solo pueden llevarse a cabo por entidades p\u00fablicas, en base a acuerdos pol\u00edticos.<\/p>\n\n\n\n<p>Solo vemos al promotor inmobiliario actuar en este programa de forma indirecta a trav\u00e9s de un concurso publico celebrado en concurrencia. N0 obstante, en el ep\u00edgrafe 84.8 explicaremos en un resumen practico en que consiste el programa de regeneraci\u00f3n y renovaci\u00f3n urbana y rural.<\/p>\n\n\n\n<p>Por lo tanto, solo centraremos el texto en explicar los programas en los cuales el promotor inmobiliario puede actuar como empresa privada, en los casos siguientes:<\/p>\n\n\n\n<ol class=\"wp-block-list\" type=\"A\">\n<li><strong>COMO PROMOTOR DE VIVIENDAS EN ALQUILER<\/strong><strong><\/strong><\/li>\n<\/ol>\n\n\n\n<p>Programas 6, 7, 8<\/p>\n\n\n\n<p>A continuaci\u00f3n, est\u00e1n los programas asociados al tratarse de clientes de sus promociones, como:<\/p>\n\n\n\n<ul class=\"wp-block-list\">\n<li><strong>PROPIETARIOS<\/strong><strong><\/strong><\/li>\n<\/ul>\n\n\n\n<p>Los programas 9, 10 y 11 (para mejora de la accesibilidad)<\/p>\n\n\n\n<ul class=\"wp-block-list\">\n<li><strong>INQUILINOS<\/strong><strong><\/strong><\/li>\n<\/ul>\n\n\n\n<p>Los programas 2, 3, 4<\/p>\n\n\n\n<ul class=\"wp-block-list\">\n<li><strong>ADQUIRENTES<\/strong><strong><\/strong><\/li>\n<\/ul>\n\n\n\n<p>El programa 5, <strong>ayuda para j\u00f3venes<\/strong> en el caso que pretendan adquirir una vivienda situada en un t\u00e9rmino municipal que posea una poblaci\u00f3n residente <strong>igual o inferior a los 10.000 habitantes<\/strong><\/p>\n\n\n\n<p>Todos estos temas est\u00e1n desarrollados con m\u00e1s profundidad en nuestros <a href=\"http:\/\/www.prayde.com\/wordpress\"><strong>Cuadernos del Promotor Inmobiliario<\/strong><\/a><strong> (<\/strong>CPI), concretamente en el &nbsp;CPI 84 <strong>\u201c<\/strong><strong>Plan Estatal de Vivienda 2022-2025<\/strong>\u201d, y siguientes, al que se puede acceder desde nuestro BLOG&nbsp; <a href=\"http:\/\/prayde.com\/wordpress\"><strong>Cuadernos del Promotor y Gestor Inmobiliario<\/strong><\/a><strong><u><\/u><\/strong><\/p>\n\n\n\n<p>Vea un <a href=\"https:\/\/prayde.com\/Cuadernos\/Indice%20por%20Temas.pdf\"><strong>\u00cdndice de los CPI, por Temas<\/strong><\/a><\/p>\n\n\n\n<h2 class=\"wp-block-heading\">M\u00e1s entradas sobre este tema<\/h2>\n\n\n\n<p>y otros relacionados con la actividad inmobiliaria y promotora en<\/p>\n\n\n\n<ul class=\"wp-block-list\">\n<li>La Viabilidad de la Promocion Inmobiliaria <a href=\"https:\/\/prayde.com\/empresa\/busqueda-en-el-blog-viabilidad-de-la-promocion-inmobiliaria\/\">https:\/\/prayde.com\/empresa\/busqueda-en-el-blog-viabilidad-de-la-promocion-inmobiliaria\/<\/a><\/li>\n\n\n\n<li>Cuadernos del Promotor Inmobiliario en <a href=\"https:\/\/prayde.com\/wordpress\/\"><strong>https:\/\/prayde.com\/wordpress\/<\/strong><\/a><\/li>\n\n\n\n<li>Software de An\u00e1lisis de Viabilidad de Promociones, <strong>Gestinmo<\/strong>, en <a href=\"https:\/\/prayde.com\/\"><strong>https:\/\/prayde.com<\/strong><\/a><\/li>\n<\/ul>\n\n\n\n<ul class=\"wp-block-list\">\n<li>B\u00fascanos en Twitter &nbsp;<a href=\"https:\/\/www.youtube.com\/redirect?event=video_description&amp;redir_token=QUFFLUhqa00wa3NVcmk1NlFiZmpnMDNVLUZTRXFMTmR4Z3xBQ3Jtc0tuZmhUU3J5ZmZUc2x6YTFMbVZwRjVjTFNZTEZ6N0RLVTdBRk92TnpjSHZTbllMZVA3TnlfR2NGdnFLLXdYSmp4eUQ4V292dWRXdm9mc0xnLWRjcS1TcGxqQ0lSSmZxQ2dWNFUzQUlxbnNZUEhnUW1zYw&amp;q=https%3A%2F%2Ftwitter.com%2FPraydeG\" target=\"_blank\" rel=\"noreferrer noopener\">https:\/\/twitter.com\/PraydeG<\/a> <strong>@PraydeG<\/strong><\/li>\n\n\n\n<li>Y en nuestros canales de YouTube <a href=\"https:\/\/www.youtube.com\/playlist?list=PL2rXgOV0kih4ImgRs2ky77CTbkIblLX36\"><strong>https:\/\/www.youtube.com\/playlist?list=PL2rXgOV0kih4ImgRs2ky77CTbkIblLX36<\/strong><\/a><\/li>\n\n\n\n<li><strong>Spotify<\/strong>: <strong>Desmontando una promocion Inmobiliaria<\/strong> &nbsp;<a href=\"https:\/\/open.spotify.com\/show\/70rqfcJ5QURpunFnSnAlyd\">https:\/\/open.spotify.com\/show\/70rqfcJ5QURpunFnSnAlyd<\/a><\/li>\n<\/ul>\n","protected":false},"excerpt":{"rendered":"<p>Plan de Vivienda 2022-25 El marco legal del Plan de Vivienda 2022-25 \u00a0lo constituye Real Decreto 42\/2022, de 18 de enero, por el que se regula el Bono Alquiler Joven\u2026 <a class=\"continue-reading-link\" href=\"https:\/\/prayde.com\/empresa\/las-lineas-maestras-del-plan-de-vivienda-2022-25\/\">Continue leyendo<\/a><\/p>\n","protected":false},"author":1,"featured_media":0,"comment_status":"open","ping_status":"closed","sticky":false,"template":"","format":"standard","meta":{"footnotes":""},"categories":[1],"tags":[17,19,21],"class_list":["post-2518","post","type-post","status-publish","format-standard","hentry","category-sin-categoria","tag-cuadernos-practicos","tag-legislacion","tag-vivienda"],"yoast_head":"<!-- This site is optimized with the Yoast SEO plugin v27.5 - https:\/\/yoast.com\/product\/yoast-seo-wordpress\/ -->\n<title>Las lineas maestras del Plan de Vivienda 2022-25 - Gestinmo<\/title>\n<meta name=\"description\" content=\"El marco legal del Plan de Vivienda 2022-25 lo constituye RD 42\/2022, de 18 de enero, por el que tambi\u00e9n se regula el Bono Alquiler Joven\" \/>\n<meta name=\"robots\" content=\"index, follow, max-snippet:-1, max-image-preview:large, max-video-preview:-1\" \/>\n<link rel=\"canonical\" href=\"https:\/\/prayde.com\/empresa\/las-lineas-maestras-del-plan-de-vivienda-2022-25\/\" \/>\n<meta property=\"og:locale\" content=\"es_ES\" \/>\n<meta property=\"og:type\" content=\"article\" \/>\n<meta property=\"og:title\" content=\"Las lineas maestras del Plan de Vivienda 2022-25 - Gestinmo\" \/>\n<meta property=\"og:description\" content=\"El marco legal del Plan de Vivienda 2022-25 lo constituye RD 42\/2022, de 18 de enero, por el que tambi\u00e9n se regula el Bono Alquiler Joven\" \/>\n<meta property=\"og:url\" content=\"https:\/\/prayde.com\/empresa\/las-lineas-maestras-del-plan-de-vivienda-2022-25\/\" \/>\n<meta property=\"og:site_name\" content=\"Gestinmo\" \/>\n<meta property=\"article:published_time\" content=\"2023-05-03T08:44:17+00:00\" \/>\n<meta property=\"og:image\" content=\"https:\/\/prayde.com\/empresa\/wp-content\/uploads\/2022\/01\/vpo-vpp-300x169.jpg\" \/>\n<meta name=\"author\" content=\"jfcaparros\" \/>\n<meta name=\"twitter:card\" content=\"summary_large_image\" \/>\n<meta name=\"twitter:label1\" content=\"Escrito por\" \/>\n\t<meta name=\"twitter:data1\" content=\"jfcaparros\" \/>\n\t<meta name=\"twitter:label2\" content=\"Tiempo de lectura\" \/>\n\t<meta name=\"twitter:data2\" content=\"5 minutos\" \/>\n<script type=\"application\/ld+json\" class=\"yoast-schema-graph\">{\"@context\":\"https:\\\/\\\/schema.org\",\"@graph\":[{\"@type\":\"Article\",\"@id\":\"https:\\\/\\\/prayde.com\\\/empresa\\\/las-lineas-maestras-del-plan-de-vivienda-2022-25\\\/#article\",\"isPartOf\":{\"@id\":\"https:\\\/\\\/prayde.com\\\/empresa\\\/las-lineas-maestras-del-plan-de-vivienda-2022-25\\\/\"},\"author\":{\"name\":\"jfcaparros\",\"@id\":\"https:\\\/\\\/prayde.com\\\/empresa\\\/#\\\/schema\\\/person\\\/f8e0c96aaf660cad78380e9d37850f22\"},\"headline\":\"Las lineas maestras del Plan de Vivienda 2022-25\",\"datePublished\":\"2023-05-03T08:44:17+00:00\",\"mainEntityOfPage\":{\"@id\":\"https:\\\/\\\/prayde.com\\\/empresa\\\/las-lineas-maestras-del-plan-de-vivienda-2022-25\\\/\"},\"wordCount\":1028,\"commentCount\":0,\"publisher\":{\"@id\":\"https:\\\/\\\/prayde.com\\\/empresa\\\/#organization\"},\"image\":{\"@id\":\"https:\\\/\\\/prayde.com\\\/empresa\\\/las-lineas-maestras-del-plan-de-vivienda-2022-25\\\/#primaryimage\"},\"thumbnailUrl\":\"https:\\\/\\\/prayde.com\\\/empresa\\\/wp-content\\\/uploads\\\/2022\\\/01\\\/vpo-vpp-300x169.jpg\",\"keywords\":[\"Cuadernos Practicos\",\"legislacion\",\"vivienda\"],\"inLanguage\":\"es\",\"potentialAction\":[{\"@type\":\"CommentAction\",\"name\":\"Comment\",\"target\":[\"https:\\\/\\\/prayde.com\\\/empresa\\\/las-lineas-maestras-del-plan-de-vivienda-2022-25\\\/#respond\"]}]},{\"@type\":\"WebPage\",\"@id\":\"https:\\\/\\\/prayde.com\\\/empresa\\\/las-lineas-maestras-del-plan-de-vivienda-2022-25\\\/\",\"url\":\"https:\\\/\\\/prayde.com\\\/empresa\\\/las-lineas-maestras-del-plan-de-vivienda-2022-25\\\/\",\"name\":\"Las lineas maestras del Plan de Vivienda 2022-25 - Gestinmo\",\"isPartOf\":{\"@id\":\"https:\\\/\\\/prayde.com\\\/empresa\\\/#website\"},\"primaryImageOfPage\":{\"@id\":\"https:\\\/\\\/prayde.com\\\/empresa\\\/las-lineas-maestras-del-plan-de-vivienda-2022-25\\\/#primaryimage\"},\"image\":{\"@id\":\"https:\\\/\\\/prayde.com\\\/empresa\\\/las-lineas-maestras-del-plan-de-vivienda-2022-25\\\/#primaryimage\"},\"thumbnailUrl\":\"https:\\\/\\\/prayde.com\\\/empresa\\\/wp-content\\\/uploads\\\/2022\\\/01\\\/vpo-vpp-300x169.jpg\",\"datePublished\":\"2023-05-03T08:44:17+00:00\",\"description\":\"El marco legal del Plan de Vivienda 2022-25 lo constituye RD 42\\\/2022, de 18 de enero, por el que tambi\u00e9n se regula el Bono Alquiler Joven\",\"breadcrumb\":{\"@id\":\"https:\\\/\\\/prayde.com\\\/empresa\\\/las-lineas-maestras-del-plan-de-vivienda-2022-25\\\/#breadcrumb\"},\"inLanguage\":\"es\",\"potentialAction\":[{\"@type\":\"ReadAction\",\"target\":[\"https:\\\/\\\/prayde.com\\\/empresa\\\/las-lineas-maestras-del-plan-de-vivienda-2022-25\\\/\"]}]},{\"@type\":\"ImageObject\",\"inLanguage\":\"es\",\"@id\":\"https:\\\/\\\/prayde.com\\\/empresa\\\/las-lineas-maestras-del-plan-de-vivienda-2022-25\\\/#primaryimage\",\"url\":\"https:\\\/\\\/prayde.com\\\/empresa\\\/wp-content\\\/uploads\\\/2022\\\/01\\\/vpo-vpp.jpg\",\"contentUrl\":\"https:\\\/\\\/prayde.com\\\/empresa\\\/wp-content\\\/uploads\\\/2022\\\/01\\\/vpo-vpp.jpg\",\"width\":667,\"height\":375,\"caption\":\"Reservas de Suelo para VPP\"},{\"@type\":\"BreadcrumbList\",\"@id\":\"https:\\\/\\\/prayde.com\\\/empresa\\\/las-lineas-maestras-del-plan-de-vivienda-2022-25\\\/#breadcrumb\",\"itemListElement\":[{\"@type\":\"ListItem\",\"position\":1,\"name\":\"Portada\",\"item\":\"https:\\\/\\\/prayde.com\\\/empresa\\\/\"},{\"@type\":\"ListItem\",\"position\":2,\"name\":\"Las lineas maestras del Plan de Vivienda 2022-25\"}]},{\"@type\":\"WebSite\",\"@id\":\"https:\\\/\\\/prayde.com\\\/empresa\\\/#website\",\"url\":\"https:\\\/\\\/prayde.com\\\/empresa\\\/\",\"name\":\"Gestinmo\",\"description\":\"Analizar la Rentabilidad y Riesgos de una Promocion Inmobiliaria\",\"publisher\":{\"@id\":\"https:\\\/\\\/prayde.com\\\/empresa\\\/#organization\"},\"potentialAction\":[{\"@type\":\"SearchAction\",\"target\":{\"@type\":\"EntryPoint\",\"urlTemplate\":\"https:\\\/\\\/prayde.com\\\/empresa\\\/?s={search_term_string}\"},\"query-input\":{\"@type\":\"PropertyValueSpecification\",\"valueRequired\":true,\"valueName\":\"search_term_string\"}}],\"inLanguage\":\"es\"},{\"@type\":\"Organization\",\"@id\":\"https:\\\/\\\/prayde.com\\\/empresa\\\/#organization\",\"name\":\"Gestinmo\",\"url\":\"https:\\\/\\\/prayde.com\\\/empresa\\\/\",\"logo\":{\"@type\":\"ImageObject\",\"inLanguage\":\"es\",\"@id\":\"https:\\\/\\\/prayde.com\\\/empresa\\\/#\\\/schema\\\/logo\\\/image\\\/\",\"url\":\"https:\\\/\\\/prayde.com\\\/empresa\\\/wp-content\\\/uploads\\\/2018\\\/12\\\/cropped-cropped-Prayde-Pe.jpg\",\"contentUrl\":\"https:\\\/\\\/prayde.com\\\/empresa\\\/wp-content\\\/uploads\\\/2018\\\/12\\\/cropped-cropped-Prayde-Pe.jpg\",\"width\":512,\"height\":512,\"caption\":\"Gestinmo\"},\"image\":{\"@id\":\"https:\\\/\\\/prayde.com\\\/empresa\\\/#\\\/schema\\\/logo\\\/image\\\/\"}},{\"@type\":\"Person\",\"@id\":\"https:\\\/\\\/prayde.com\\\/empresa\\\/#\\\/schema\\\/person\\\/f8e0c96aaf660cad78380e9d37850f22\",\"name\":\"jfcaparros\",\"image\":{\"@type\":\"ImageObject\",\"inLanguage\":\"es\",\"@id\":\"https:\\\/\\\/secure.gravatar.com\\\/avatar\\\/a275282a4f49c72bf010c86afa10d9fd2bf7a834cc9dcbc372cf350803eb7359?s=96&d=mm&r=g\",\"url\":\"https:\\\/\\\/secure.gravatar.com\\\/avatar\\\/a275282a4f49c72bf010c86afa10d9fd2bf7a834cc9dcbc372cf350803eb7359?s=96&d=mm&r=g\",\"contentUrl\":\"https:\\\/\\\/secure.gravatar.com\\\/avatar\\\/a275282a4f49c72bf010c86afa10d9fd2bf7a834cc9dcbc372cf350803eb7359?s=96&d=mm&r=g\",\"caption\":\"jfcaparros\"},\"url\":\"https:\\\/\\\/prayde.com\\\/empresa\\\/author\\\/jfcaparros\\\/\"}]}<\/script>\n<!-- \/ Yoast SEO plugin. -->","yoast_head_json":{"title":"Las lineas maestras del Plan de Vivienda 2022-25 - Gestinmo","description":"El marco legal del Plan de Vivienda 2022-25 lo constituye RD 42\/2022, de 18 de enero, por el que tambi\u00e9n se regula el Bono Alquiler Joven","robots":{"index":"index","follow":"follow","max-snippet":"max-snippet:-1","max-image-preview":"max-image-preview:large","max-video-preview":"max-video-preview:-1"},"canonical":"https:\/\/prayde.com\/empresa\/las-lineas-maestras-del-plan-de-vivienda-2022-25\/","og_locale":"es_ES","og_type":"article","og_title":"Las lineas maestras del Plan de Vivienda 2022-25 - Gestinmo","og_description":"El marco legal del Plan de Vivienda 2022-25 lo constituye RD 42\/2022, de 18 de enero, por el que tambi\u00e9n se regula el Bono Alquiler Joven","og_url":"https:\/\/prayde.com\/empresa\/las-lineas-maestras-del-plan-de-vivienda-2022-25\/","og_site_name":"Gestinmo","article_published_time":"2023-05-03T08:44:17+00:00","og_image":[{"url":"https:\/\/prayde.com\/empresa\/wp-content\/uploads\/2022\/01\/vpo-vpp-300x169.jpg","type":"","width":"","height":""}],"author":"jfcaparros","twitter_card":"summary_large_image","twitter_misc":{"Escrito por":"jfcaparros","Tiempo de lectura":"5 minutos"},"schema":{"@context":"https:\/\/schema.org","@graph":[{"@type":"Article","@id":"https:\/\/prayde.com\/empresa\/las-lineas-maestras-del-plan-de-vivienda-2022-25\/#article","isPartOf":{"@id":"https:\/\/prayde.com\/empresa\/las-lineas-maestras-del-plan-de-vivienda-2022-25\/"},"author":{"name":"jfcaparros","@id":"https:\/\/prayde.com\/empresa\/#\/schema\/person\/f8e0c96aaf660cad78380e9d37850f22"},"headline":"Las lineas maestras del Plan de Vivienda 2022-25","datePublished":"2023-05-03T08:44:17+00:00","mainEntityOfPage":{"@id":"https:\/\/prayde.com\/empresa\/las-lineas-maestras-del-plan-de-vivienda-2022-25\/"},"wordCount":1028,"commentCount":0,"publisher":{"@id":"https:\/\/prayde.com\/empresa\/#organization"},"image":{"@id":"https:\/\/prayde.com\/empresa\/las-lineas-maestras-del-plan-de-vivienda-2022-25\/#primaryimage"},"thumbnailUrl":"https:\/\/prayde.com\/empresa\/wp-content\/uploads\/2022\/01\/vpo-vpp-300x169.jpg","keywords":["Cuadernos Practicos","legislacion","vivienda"],"inLanguage":"es","potentialAction":[{"@type":"CommentAction","name":"Comment","target":["https:\/\/prayde.com\/empresa\/las-lineas-maestras-del-plan-de-vivienda-2022-25\/#respond"]}]},{"@type":"WebPage","@id":"https:\/\/prayde.com\/empresa\/las-lineas-maestras-del-plan-de-vivienda-2022-25\/","url":"https:\/\/prayde.com\/empresa\/las-lineas-maestras-del-plan-de-vivienda-2022-25\/","name":"Las lineas maestras del Plan de Vivienda 2022-25 - Gestinmo","isPartOf":{"@id":"https:\/\/prayde.com\/empresa\/#website"},"primaryImageOfPage":{"@id":"https:\/\/prayde.com\/empresa\/las-lineas-maestras-del-plan-de-vivienda-2022-25\/#primaryimage"},"image":{"@id":"https:\/\/prayde.com\/empresa\/las-lineas-maestras-del-plan-de-vivienda-2022-25\/#primaryimage"},"thumbnailUrl":"https:\/\/prayde.com\/empresa\/wp-content\/uploads\/2022\/01\/vpo-vpp-300x169.jpg","datePublished":"2023-05-03T08:44:17+00:00","description":"El marco legal del Plan de Vivienda 2022-25 lo constituye RD 42\/2022, de 18 de enero, por el que tambi\u00e9n se regula el Bono Alquiler Joven","breadcrumb":{"@id":"https:\/\/prayde.com\/empresa\/las-lineas-maestras-del-plan-de-vivienda-2022-25\/#breadcrumb"},"inLanguage":"es","potentialAction":[{"@type":"ReadAction","target":["https:\/\/prayde.com\/empresa\/las-lineas-maestras-del-plan-de-vivienda-2022-25\/"]}]},{"@type":"ImageObject","inLanguage":"es","@id":"https:\/\/prayde.com\/empresa\/las-lineas-maestras-del-plan-de-vivienda-2022-25\/#primaryimage","url":"https:\/\/prayde.com\/empresa\/wp-content\/uploads\/2022\/01\/vpo-vpp.jpg","contentUrl":"https:\/\/prayde.com\/empresa\/wp-content\/uploads\/2022\/01\/vpo-vpp.jpg","width":667,"height":375,"caption":"Reservas de Suelo para VPP"},{"@type":"BreadcrumbList","@id":"https:\/\/prayde.com\/empresa\/las-lineas-maestras-del-plan-de-vivienda-2022-25\/#breadcrumb","itemListElement":[{"@type":"ListItem","position":1,"name":"Portada","item":"https:\/\/prayde.com\/empresa\/"},{"@type":"ListItem","position":2,"name":"Las lineas maestras del Plan de Vivienda 2022-25"}]},{"@type":"WebSite","@id":"https:\/\/prayde.com\/empresa\/#website","url":"https:\/\/prayde.com\/empresa\/","name":"Gestinmo","description":"Analizar la Rentabilidad y Riesgos de una Promocion Inmobiliaria","publisher":{"@id":"https:\/\/prayde.com\/empresa\/#organization"},"potentialAction":[{"@type":"SearchAction","target":{"@type":"EntryPoint","urlTemplate":"https:\/\/prayde.com\/empresa\/?s={search_term_string}"},"query-input":{"@type":"PropertyValueSpecification","valueRequired":true,"valueName":"search_term_string"}}],"inLanguage":"es"},{"@type":"Organization","@id":"https:\/\/prayde.com\/empresa\/#organization","name":"Gestinmo","url":"https:\/\/prayde.com\/empresa\/","logo":{"@type":"ImageObject","inLanguage":"es","@id":"https:\/\/prayde.com\/empresa\/#\/schema\/logo\/image\/","url":"https:\/\/prayde.com\/empresa\/wp-content\/uploads\/2018\/12\/cropped-cropped-Prayde-Pe.jpg","contentUrl":"https:\/\/prayde.com\/empresa\/wp-content\/uploads\/2018\/12\/cropped-cropped-Prayde-Pe.jpg","width":512,"height":512,"caption":"Gestinmo"},"image":{"@id":"https:\/\/prayde.com\/empresa\/#\/schema\/logo\/image\/"}},{"@type":"Person","@id":"https:\/\/prayde.com\/empresa\/#\/schema\/person\/f8e0c96aaf660cad78380e9d37850f22","name":"jfcaparros","image":{"@type":"ImageObject","inLanguage":"es","@id":"https:\/\/secure.gravatar.com\/avatar\/a275282a4f49c72bf010c86afa10d9fd2bf7a834cc9dcbc372cf350803eb7359?s=96&d=mm&r=g","url":"https:\/\/secure.gravatar.com\/avatar\/a275282a4f49c72bf010c86afa10d9fd2bf7a834cc9dcbc372cf350803eb7359?s=96&d=mm&r=g","contentUrl":"https:\/\/secure.gravatar.com\/avatar\/a275282a4f49c72bf010c86afa10d9fd2bf7a834cc9dcbc372cf350803eb7359?s=96&d=mm&r=g","caption":"jfcaparros"},"url":"https:\/\/prayde.com\/empresa\/author\/jfcaparros\/"}]}},"_links":{"self":[{"href":"https:\/\/prayde.com\/empresa\/wp-json\/wp\/v2\/posts\/2518","targetHints":{"allow":["GET"]}}],"collection":[{"href":"https:\/\/prayde.com\/empresa\/wp-json\/wp\/v2\/posts"}],"about":[{"href":"https:\/\/prayde.com\/empresa\/wp-json\/wp\/v2\/types\/post"}],"author":[{"embeddable":true,"href":"https:\/\/prayde.com\/empresa\/wp-json\/wp\/v2\/users\/1"}],"replies":[{"embeddable":true,"href":"https:\/\/prayde.com\/empresa\/wp-json\/wp\/v2\/comments?post=2518"}],"version-history":[{"count":1,"href":"https:\/\/prayde.com\/empresa\/wp-json\/wp\/v2\/posts\/2518\/revisions"}],"predecessor-version":[{"id":2519,"href":"https:\/\/prayde.com\/empresa\/wp-json\/wp\/v2\/posts\/2518\/revisions\/2519"}],"wp:attachment":[{"href":"https:\/\/prayde.com\/empresa\/wp-json\/wp\/v2\/media?parent=2518"}],"wp:term":[{"taxonomy":"category","embeddable":true,"href":"https:\/\/prayde.com\/empresa\/wp-json\/wp\/v2\/categories?post=2518"},{"taxonomy":"post_tag","embeddable":true,"href":"https:\/\/prayde.com\/empresa\/wp-json\/wp\/v2\/tags?post=2518"}],"curies":[{"name":"wp","href":"https:\/\/api.w.org\/{rel}","templated":true}]}}