{"id":2506,"date":"2023-04-12T06:44:00","date_gmt":"2023-04-12T06:44:00","guid":{"rendered":"https:\/\/prayde.com\/empresa\/?p=2506"},"modified":"2023-04-11T09:52:27","modified_gmt":"2023-04-11T09:52:27","slug":"la-junta-de-compensacion-en-un-plan-parcial-su-26","status":"publish","type":"post","link":"https:\/\/prayde.com\/empresa\/la-junta-de-compensacion-en-un-plan-parcial-su-26\/","title":{"rendered":"La Junta de Compensaci\u00f3n en un Plan Parcial SU-26"},"content":{"rendered":"\n<h2 class=\"wp-block-heading\">La Junta de Compensaci\u00f3n<\/h2>\n\n\n\n<p>La Junta de Compensaci\u00f3n en un Plan Parcial. Que tareas tiene y c\u00f3mo funciona<\/p>\n\n\n\n<figure class=\"wp-block-embed is-type-video is-provider-youtube wp-block-embed-youtube wp-embed-aspect-16-9 wp-has-aspect-ratio\"><div class=\"wp-block-embed__wrapper\">\n<div class=\"epyt-video-wrapper\"><iframe loading=\"lazy\"  id=\"_ytid_90054\"  width=\"780\" height=\"439\"  data-origwidth=\"780\" data-origheight=\"439\" src=\"https:\/\/www.youtube.com\/embed\/TVWeZFFndpk?enablejsapi=1&#038;origin=https:\/\/prayde.com&#038;autoplay=0&#038;cc_load_policy=0&#038;cc_lang_pref=&#038;iv_load_policy=1&#038;loop=0&#038;rel=1&#038;fs=1&#038;playsinline=0&#038;autohide=2&#038;theme=light&#038;color=red&#038;controls=1&#038;disablekb=0&#038;\" class=\"__youtube_prefs__  epyt-is-override  no-lazyload\" title=\"SU-26 La Junta de Compensacion en un Plan Parcial\"  allow=\"fullscreen; accelerometer; autoplay; clipboard-write; encrypted-media; gyroscope; picture-in-picture; web-share\" referrerpolicy=\"strict-origin-when-cross-origin\" allowfullscreen data-no-lazy=\"1\" data-skipgform_ajax_framebjll=\"\"><\/iframe><\/div>\n<\/div><figcaption class=\"wp-element-caption\">La Junta de Compensaci\u00f3n<\/figcaption><\/figure>\n\n\n\n<p>Revisamos nociones b\u00e1sicas de Urbanismo en este canal de <a href=\"https:\/\/www.youtube.com\/hashtag\/praydegestion\">PraydeGestion<\/a> que abrimos sobre <a href=\"https:\/\/www.youtube.com\/hashtag\/inmosuelo\">#InmoSuelo<\/a>, nuestro <a href=\"https:\/\/www.youtube.com\/hashtag\/softwareinmobiliario\">#softwareinmobiliario<\/a> de An\u00e1lisis de Viabilidad de Planes Parciales y Desarrollo Urban\u00edstico<\/p>\n\n\n\n<p>Estos conceptos se desarrollan en profundidad en nuestros Cuadernos del Promotor Inmobiliario, <a href=\"https:\/\/www.youtube.com\/redirect?event=video_description&amp;redir_token=QUFFLUhqbm5NbjNmSHZ2NkpUbnBKeE1zeHZTcWNkZTF0QXxBQ3Jtc0ttSGZ0RjJvUzQwa2pDRktidHdUYVZ1Mnh3dkFQYldIVUZ6M2hGV0dydnJrVDFkclVuRnAwenJHa3l4dmlLTktnT0ZWTFBqXzFWMWtjQ09vVURwcFQwNHI3X3h4aFFTdVR2eWhKWjNNZndCWnNKaERWVQ&amp;q=https%3A%2F%2Fprayde.com%2Fwordpress&amp;v=4Of0Efo2uPk\" target=\"_blank\" rel=\"noreferrer noopener\">https:\/\/prayde.com\/wordpress<\/a><\/p>\n\n\n\n<figure class=\"wp-block-image size-full\"><a href=\"https:\/\/prayde.com\/empresa\/wp-content\/uploads\/2023\/04\/ley-sociedades-capital.jpg\"><img loading=\"lazy\" decoding=\"async\" width=\"900\" height=\"300\" src=\"https:\/\/prayde.com\/empresa\/wp-content\/uploads\/2023\/04\/ley-sociedades-capital.jpg\" alt=\"La Junta de Compensaci\u00f3n\" class=\"wp-image-2507\" srcset=\"https:\/\/prayde.com\/empresa\/wp-content\/uploads\/2023\/04\/ley-sociedades-capital.jpg 900w, https:\/\/prayde.com\/empresa\/wp-content\/uploads\/2023\/04\/ley-sociedades-capital-300x100.jpg 300w, https:\/\/prayde.com\/empresa\/wp-content\/uploads\/2023\/04\/ley-sociedades-capital-768x256.jpg 768w, https:\/\/prayde.com\/empresa\/wp-content\/uploads\/2023\/04\/ley-sociedades-capital-250x83.jpg 250w, https:\/\/prayde.com\/empresa\/wp-content\/uploads\/2023\/04\/ley-sociedades-capital-150x50.jpg 150w\" sizes=\"auto, (max-width: 900px) 100vw, 900px\" \/><\/a><\/figure>\n\n\n\n<h2 class=\"wp-block-heading\">Videos sobre el mundo inmobiliario<\/h2>\n\n\n\n<p>El estudio y rentabilidad de una <a href=\"https:\/\/www.youtube.com\/hashtag\/promocioninmobiliaria\">#PromocionInmobiliaria<\/a>, por parte del <a href=\"https:\/\/www.youtube.com\/hashtag\/promotorinmobiliario\">#PromotorInmobiliario<\/a> desde un punto de vista econ\u00f3mico<br \/>financiero, requiere herramientas profesionales que sean capaces de obtener Presupuestos de Gastos y de Ingresos, M\u00e1rgenes de Venta, ratios de Rentabilidad est\u00e1tica y din\u00e1mica, flujos de Tesorer\u00eda, etc.<\/p>\n\n\n\n<p>Juan Fernandez Caparros, publicar\u00e1 tambi\u00e9n videos sobre la<a href=\"https:\/\/www.youtube.com\/hashtag\/promocioninmobiliaria\"> #PromocionInmobiliaria<\/a>, que interesen al <a href=\"https:\/\/www.youtube.com\/hashtag\/promotorinmobiliario\">#PromotorInmobiliario<\/a> para fijar sus estrategias. <a href=\"https:\/\/www.youtube.com\/hashtag\/formacioninmobiliaria\">#FormacionInmobiliaria<\/a><\/p>\n\n\n\n<p><strong>En nuestros canales en #YouTube,\u00a0<\/strong>publicamos videos de 10 a 15 minutos explicando aspectos que interesen para conocer las\u00a0 <strong>diferentes tareas del promotor, particularmente el an\u00e1lisis de viabilidad econ\u00f3mica<\/strong><\/p>\n\n\n\n<h2 class=\"wp-block-heading\">M\u00e1s entradas sobre este tema<\/h2>\n\n\n\n<p>y otros relacionados con la actividad inmobiliaria y promotora en<\/p>\n\n\n\n<ul class=\"wp-block-list\">\n<li>La Viabilidad de la Promocion Inmobiliaria <a href=\"https:\/\/prayde.com\/empresa\/busqueda-en-el-blog-viabilidad-de-la-promocion-inmobiliaria\/\">https:\/\/prayde.com\/empresa\/busqueda-en-el-blog-viabilidad-de-la-promocion-inmobiliaria\/<\/a><\/li>\n\n\n\n<li>Cuadernos del Promotor Inmobiliario en <a href=\"https:\/\/prayde.com\/wordpress\/\"><strong>https:\/\/prayde.com\/wordpress\/<\/strong><\/a><\/li>\n\n\n\n<li>Software de An\u00e1lisis de Viabilidad de Promociones, <strong>Gestinmo<\/strong>, en <a href=\"https:\/\/prayde.com\/\"><strong>https:\/\/prayde.com<\/strong><\/a><\/li>\n<\/ul>\n\n\n\n<ul class=\"wp-block-list\">\n<li>B\u00fascanos en Twitter &nbsp;<a href=\"https:\/\/www.youtube.com\/redirect?event=video_description&amp;redir_token=QUFFLUhqa00wa3NVcmk1NlFiZmpnMDNVLUZTRXFMTmR4Z3xBQ3Jtc0tuZmhUU3J5ZmZUc2x6YTFMbVZwRjVjTFNZTEZ6N0RLVTdBRk92TnpjSHZTbllMZVA3TnlfR2NGdnFLLXdYSmp4eUQ4V292dWRXdm9mc0xnLWRjcS1TcGxqQ0lSSmZxQ2dWNFUzQUlxbnNZUEhnUW1zYw&amp;q=https%3A%2F%2Ftwitter.com%2FPraydeG\" target=\"_blank\" rel=\"noreferrer noopener\">https:\/\/twitter.com\/PraydeG<\/a> <strong>@PraydeG<\/strong><\/li>\n\n\n\n<li>Y en nuestros canales de YouTube <a href=\"https:\/\/www.youtube.com\/playlist?list=PL2rXgOV0kih4ImgRs2ky77CTbkIblLX36\"><strong>https:\/\/www.youtube.com\/playlist?list=PL2rXgOV0kih4ImgRs2ky77CTbkIblLX36<\/strong><\/a><\/li>\n<\/ul>\n\n\n\n<p><strong>Spotify<\/strong>: <strong>Desmontando una Promoci\u00f3n Inmobiliaria<\/strong> &nbsp;<a href=\"https:\/\/open.spotify.com\/show\/70rqfcJ5QURpunFnSnAlyd\">https:\/\/open.spotify.com\/show\/70rqfcJ5QURpunFnSnAlyd<\/a><\/p>\n","protected":false},"excerpt":{"rendered":"<p>La Junta de Compensaci\u00f3n La Junta de Compensaci\u00f3n en un Plan Parcial. Que tareas tiene y c\u00f3mo funciona Revisamos nociones b\u00e1sicas de Urbanismo en este canal de PraydeGestion que abrimos\u2026 <a class=\"continue-reading-link\" href=\"https:\/\/prayde.com\/empresa\/la-junta-de-compensacion-en-un-plan-parcial-su-26\/\">Continue leyendo<\/a><\/p>\n","protected":false},"author":1,"featured_media":0,"comment_status":"open","ping_status":"closed","sticky":false,"template":"","format":"standard","meta":{"footnotes":""},"categories":[1],"tags":[19,29,50],"class_list":["post-2506","post","type-post","status-publish","format-standard","hentry","category-sin-categoria","tag-legislacion","tag-suelo","tag-video"],"yoast_head":"<!-- This site is optimized with the Yoast SEO plugin v27.5 - https:\/\/yoast.com\/product\/yoast-seo-wordpress\/ -->\n<title>La Junta de Compensaci\u00f3n en un Plan Parcial SU-26 - Gestinmo<\/title>\n<meta name=\"description\" content=\"La Junta de Compensaci\u00f3n en un Plan Parcial. Que tareas tiene y c\u00f3mo funciona para llevarlo a cabo. En Youtube\" \/>\n<meta name=\"robots\" content=\"index, follow, max-snippet:-1, max-image-preview:large, max-video-preview:-1\" \/>\n<link rel=\"canonical\" href=\"https:\/\/prayde.com\/empresa\/la-junta-de-compensacion-en-un-plan-parcial-su-26\/\" \/>\n<meta property=\"og:locale\" content=\"es_ES\" \/>\n<meta property=\"og:type\" content=\"article\" \/>\n<meta property=\"og:title\" content=\"La Junta de Compensaci\u00f3n en un Plan Parcial SU-26 - Gestinmo\" \/>\n<meta property=\"og:description\" content=\"La Junta de Compensaci\u00f3n en un Plan Parcial. Que tareas tiene y c\u00f3mo funciona para llevarlo a cabo. En Youtube\" \/>\n<meta property=\"og:url\" content=\"https:\/\/prayde.com\/empresa\/la-junta-de-compensacion-en-un-plan-parcial-su-26\/\" \/>\n<meta property=\"og:site_name\" content=\"Gestinmo\" \/>\n<meta property=\"article:published_time\" content=\"2023-04-12T06:44:00+00:00\" \/>\n<meta property=\"og:image\" content=\"https:\/\/prayde.com\/empresa\/wp-content\/uploads\/2023\/04\/ley-sociedades-capital.jpg\" \/>\n<meta name=\"author\" content=\"jfcaparros\" \/>\n<meta name=\"twitter:card\" content=\"summary_large_image\" \/>\n<meta name=\"twitter:label1\" content=\"Escrito por\" \/>\n\t<meta name=\"twitter:data1\" content=\"jfcaparros\" \/>\n\t<meta name=\"twitter:label2\" content=\"Tiempo de lectura\" \/>\n\t<meta name=\"twitter:data2\" content=\"2 minutos\" \/>\n<script type=\"application\/ld+json\" class=\"yoast-schema-graph\">{\"@context\":\"https:\\\/\\\/schema.org\",\"@graph\":[{\"@type\":\"Article\",\"@id\":\"https:\\\/\\\/prayde.com\\\/empresa\\\/la-junta-de-compensacion-en-un-plan-parcial-su-26\\\/#article\",\"isPartOf\":{\"@id\":\"https:\\\/\\\/prayde.com\\\/empresa\\\/la-junta-de-compensacion-en-un-plan-parcial-su-26\\\/\"},\"author\":{\"name\":\"jfcaparros\",\"@id\":\"https:\\\/\\\/prayde.com\\\/empresa\\\/#\\\/schema\\\/person\\\/f8e0c96aaf660cad78380e9d37850f22\"},\"headline\":\"La Junta de Compensaci\u00f3n en un Plan Parcial SU-26\",\"datePublished\":\"2023-04-12T06:44:00+00:00\",\"mainEntityOfPage\":{\"@id\":\"https:\\\/\\\/prayde.com\\\/empresa\\\/la-junta-de-compensacion-en-un-plan-parcial-su-26\\\/\"},\"wordCount\":278,\"commentCount\":0,\"publisher\":{\"@id\":\"https:\\\/\\\/prayde.com\\\/empresa\\\/#organization\"},\"image\":{\"@id\":\"https:\\\/\\\/prayde.com\\\/empresa\\\/la-junta-de-compensacion-en-un-plan-parcial-su-26\\\/#primaryimage\"},\"thumbnailUrl\":\"https:\\\/\\\/prayde.com\\\/empresa\\\/wp-content\\\/uploads\\\/2023\\\/04\\\/ley-sociedades-capital.jpg\",\"keywords\":[\"legislacion\",\"Suelo\",\"Video\"],\"inLanguage\":\"es\",\"potentialAction\":[{\"@type\":\"CommentAction\",\"name\":\"Comment\",\"target\":[\"https:\\\/\\\/prayde.com\\\/empresa\\\/la-junta-de-compensacion-en-un-plan-parcial-su-26\\\/#respond\"]}]},{\"@type\":\"WebPage\",\"@id\":\"https:\\\/\\\/prayde.com\\\/empresa\\\/la-junta-de-compensacion-en-un-plan-parcial-su-26\\\/\",\"url\":\"https:\\\/\\\/prayde.com\\\/empresa\\\/la-junta-de-compensacion-en-un-plan-parcial-su-26\\\/\",\"name\":\"La Junta de Compensaci\u00f3n en un Plan Parcial SU-26 - Gestinmo\",\"isPartOf\":{\"@id\":\"https:\\\/\\\/prayde.com\\\/empresa\\\/#website\"},\"primaryImageOfPage\":{\"@id\":\"https:\\\/\\\/prayde.com\\\/empresa\\\/la-junta-de-compensacion-en-un-plan-parcial-su-26\\\/#primaryimage\"},\"image\":{\"@id\":\"https:\\\/\\\/prayde.com\\\/empresa\\\/la-junta-de-compensacion-en-un-plan-parcial-su-26\\\/#primaryimage\"},\"thumbnailUrl\":\"https:\\\/\\\/prayde.com\\\/empresa\\\/wp-content\\\/uploads\\\/2023\\\/04\\\/ley-sociedades-capital.jpg\",\"datePublished\":\"2023-04-12T06:44:00+00:00\",\"description\":\"La Junta de Compensaci\u00f3n en un Plan Parcial. Que tareas tiene y c\u00f3mo funciona para llevarlo a cabo. En Youtube\",\"breadcrumb\":{\"@id\":\"https:\\\/\\\/prayde.com\\\/empresa\\\/la-junta-de-compensacion-en-un-plan-parcial-su-26\\\/#breadcrumb\"},\"inLanguage\":\"es\",\"potentialAction\":[{\"@type\":\"ReadAction\",\"target\":[\"https:\\\/\\\/prayde.com\\\/empresa\\\/la-junta-de-compensacion-en-un-plan-parcial-su-26\\\/\"]}]},{\"@type\":\"ImageObject\",\"inLanguage\":\"es\",\"@id\":\"https:\\\/\\\/prayde.com\\\/empresa\\\/la-junta-de-compensacion-en-un-plan-parcial-su-26\\\/#primaryimage\",\"url\":\"https:\\\/\\\/prayde.com\\\/empresa\\\/wp-content\\\/uploads\\\/2023\\\/04\\\/ley-sociedades-capital.jpg\",\"contentUrl\":\"https:\\\/\\\/prayde.com\\\/empresa\\\/wp-content\\\/uploads\\\/2023\\\/04\\\/ley-sociedades-capital.jpg\"},{\"@type\":\"BreadcrumbList\",\"@id\":\"https:\\\/\\\/prayde.com\\\/empresa\\\/la-junta-de-compensacion-en-un-plan-parcial-su-26\\\/#breadcrumb\",\"itemListElement\":[{\"@type\":\"ListItem\",\"position\":1,\"name\":\"Portada\",\"item\":\"https:\\\/\\\/prayde.com\\\/empresa\\\/\"},{\"@type\":\"ListItem\",\"position\":2,\"name\":\"La Junta de Compensaci\u00f3n en un Plan Parcial SU-26\"}]},{\"@type\":\"WebSite\",\"@id\":\"https:\\\/\\\/prayde.com\\\/empresa\\\/#website\",\"url\":\"https:\\\/\\\/prayde.com\\\/empresa\\\/\",\"name\":\"Gestinmo\",\"description\":\"Analizar la Rentabilidad y Riesgos de una Promocion Inmobiliaria\",\"publisher\":{\"@id\":\"https:\\\/\\\/prayde.com\\\/empresa\\\/#organization\"},\"potentialAction\":[{\"@type\":\"SearchAction\",\"target\":{\"@type\":\"EntryPoint\",\"urlTemplate\":\"https:\\\/\\\/prayde.com\\\/empresa\\\/?s={search_term_string}\"},\"query-input\":{\"@type\":\"PropertyValueSpecification\",\"valueRequired\":true,\"valueName\":\"search_term_string\"}}],\"inLanguage\":\"es\"},{\"@type\":\"Organization\",\"@id\":\"https:\\\/\\\/prayde.com\\\/empresa\\\/#organization\",\"name\":\"Gestinmo\",\"url\":\"https:\\\/\\\/prayde.com\\\/empresa\\\/\",\"logo\":{\"@type\":\"ImageObject\",\"inLanguage\":\"es\",\"@id\":\"https:\\\/\\\/prayde.com\\\/empresa\\\/#\\\/schema\\\/logo\\\/image\\\/\",\"url\":\"https:\\\/\\\/prayde.com\\\/empresa\\\/wp-content\\\/uploads\\\/2018\\\/12\\\/cropped-cropped-Prayde-Pe.jpg\",\"contentUrl\":\"https:\\\/\\\/prayde.com\\\/empresa\\\/wp-content\\\/uploads\\\/2018\\\/12\\\/cropped-cropped-Prayde-Pe.jpg\",\"width\":512,\"height\":512,\"caption\":\"Gestinmo\"},\"image\":{\"@id\":\"https:\\\/\\\/prayde.com\\\/empresa\\\/#\\\/schema\\\/logo\\\/image\\\/\"}},{\"@type\":\"Person\",\"@id\":\"https:\\\/\\\/prayde.com\\\/empresa\\\/#\\\/schema\\\/person\\\/f8e0c96aaf660cad78380e9d37850f22\",\"name\":\"jfcaparros\",\"image\":{\"@type\":\"ImageObject\",\"inLanguage\":\"es\",\"@id\":\"https:\\\/\\\/secure.gravatar.com\\\/avatar\\\/a275282a4f49c72bf010c86afa10d9fd2bf7a834cc9dcbc372cf350803eb7359?s=96&d=mm&r=g\",\"url\":\"https:\\\/\\\/secure.gravatar.com\\\/avatar\\\/a275282a4f49c72bf010c86afa10d9fd2bf7a834cc9dcbc372cf350803eb7359?s=96&d=mm&r=g\",\"contentUrl\":\"https:\\\/\\\/secure.gravatar.com\\\/avatar\\\/a275282a4f49c72bf010c86afa10d9fd2bf7a834cc9dcbc372cf350803eb7359?s=96&d=mm&r=g\",\"caption\":\"jfcaparros\"},\"url\":\"https:\\\/\\\/prayde.com\\\/empresa\\\/author\\\/jfcaparros\\\/\"}]}<\/script>\n<!-- \/ Yoast SEO plugin. -->","yoast_head_json":{"title":"La Junta de Compensaci\u00f3n en un Plan Parcial SU-26 - Gestinmo","description":"La Junta de Compensaci\u00f3n en un Plan Parcial. Que tareas tiene y c\u00f3mo funciona para llevarlo a cabo. En Youtube","robots":{"index":"index","follow":"follow","max-snippet":"max-snippet:-1","max-image-preview":"max-image-preview:large","max-video-preview":"max-video-preview:-1"},"canonical":"https:\/\/prayde.com\/empresa\/la-junta-de-compensacion-en-un-plan-parcial-su-26\/","og_locale":"es_ES","og_type":"article","og_title":"La Junta de Compensaci\u00f3n en un Plan Parcial SU-26 - Gestinmo","og_description":"La Junta de Compensaci\u00f3n en un Plan Parcial. Que tareas tiene y c\u00f3mo funciona para llevarlo a cabo. En Youtube","og_url":"https:\/\/prayde.com\/empresa\/la-junta-de-compensacion-en-un-plan-parcial-su-26\/","og_site_name":"Gestinmo","article_published_time":"2023-04-12T06:44:00+00:00","og_image":[{"url":"https:\/\/prayde.com\/empresa\/wp-content\/uploads\/2023\/04\/ley-sociedades-capital.jpg","type":"","width":"","height":""}],"author":"jfcaparros","twitter_card":"summary_large_image","twitter_misc":{"Escrito por":"jfcaparros","Tiempo de lectura":"2 minutos"},"schema":{"@context":"https:\/\/schema.org","@graph":[{"@type":"Article","@id":"https:\/\/prayde.com\/empresa\/la-junta-de-compensacion-en-un-plan-parcial-su-26\/#article","isPartOf":{"@id":"https:\/\/prayde.com\/empresa\/la-junta-de-compensacion-en-un-plan-parcial-su-26\/"},"author":{"name":"jfcaparros","@id":"https:\/\/prayde.com\/empresa\/#\/schema\/person\/f8e0c96aaf660cad78380e9d37850f22"},"headline":"La Junta de Compensaci\u00f3n en un Plan Parcial SU-26","datePublished":"2023-04-12T06:44:00+00:00","mainEntityOfPage":{"@id":"https:\/\/prayde.com\/empresa\/la-junta-de-compensacion-en-un-plan-parcial-su-26\/"},"wordCount":278,"commentCount":0,"publisher":{"@id":"https:\/\/prayde.com\/empresa\/#organization"},"image":{"@id":"https:\/\/prayde.com\/empresa\/la-junta-de-compensacion-en-un-plan-parcial-su-26\/#primaryimage"},"thumbnailUrl":"https:\/\/prayde.com\/empresa\/wp-content\/uploads\/2023\/04\/ley-sociedades-capital.jpg","keywords":["legislacion","Suelo","Video"],"inLanguage":"es","potentialAction":[{"@type":"CommentAction","name":"Comment","target":["https:\/\/prayde.com\/empresa\/la-junta-de-compensacion-en-un-plan-parcial-su-26\/#respond"]}]},{"@type":"WebPage","@id":"https:\/\/prayde.com\/empresa\/la-junta-de-compensacion-en-un-plan-parcial-su-26\/","url":"https:\/\/prayde.com\/empresa\/la-junta-de-compensacion-en-un-plan-parcial-su-26\/","name":"La Junta de Compensaci\u00f3n en un Plan Parcial SU-26 - Gestinmo","isPartOf":{"@id":"https:\/\/prayde.com\/empresa\/#website"},"primaryImageOfPage":{"@id":"https:\/\/prayde.com\/empresa\/la-junta-de-compensacion-en-un-plan-parcial-su-26\/#primaryimage"},"image":{"@id":"https:\/\/prayde.com\/empresa\/la-junta-de-compensacion-en-un-plan-parcial-su-26\/#primaryimage"},"thumbnailUrl":"https:\/\/prayde.com\/empresa\/wp-content\/uploads\/2023\/04\/ley-sociedades-capital.jpg","datePublished":"2023-04-12T06:44:00+00:00","description":"La Junta de Compensaci\u00f3n en un Plan Parcial. Que tareas tiene y c\u00f3mo funciona para llevarlo a cabo. En Youtube","breadcrumb":{"@id":"https:\/\/prayde.com\/empresa\/la-junta-de-compensacion-en-un-plan-parcial-su-26\/#breadcrumb"},"inLanguage":"es","potentialAction":[{"@type":"ReadAction","target":["https:\/\/prayde.com\/empresa\/la-junta-de-compensacion-en-un-plan-parcial-su-26\/"]}]},{"@type":"ImageObject","inLanguage":"es","@id":"https:\/\/prayde.com\/empresa\/la-junta-de-compensacion-en-un-plan-parcial-su-26\/#primaryimage","url":"https:\/\/prayde.com\/empresa\/wp-content\/uploads\/2023\/04\/ley-sociedades-capital.jpg","contentUrl":"https:\/\/prayde.com\/empresa\/wp-content\/uploads\/2023\/04\/ley-sociedades-capital.jpg"},{"@type":"BreadcrumbList","@id":"https:\/\/prayde.com\/empresa\/la-junta-de-compensacion-en-un-plan-parcial-su-26\/#breadcrumb","itemListElement":[{"@type":"ListItem","position":1,"name":"Portada","item":"https:\/\/prayde.com\/empresa\/"},{"@type":"ListItem","position":2,"name":"La Junta de Compensaci\u00f3n en un Plan Parcial SU-26"}]},{"@type":"WebSite","@id":"https:\/\/prayde.com\/empresa\/#website","url":"https:\/\/prayde.com\/empresa\/","name":"Gestinmo","description":"Analizar la Rentabilidad y Riesgos de una Promocion Inmobiliaria","publisher":{"@id":"https:\/\/prayde.com\/empresa\/#organization"},"potentialAction":[{"@type":"SearchAction","target":{"@type":"EntryPoint","urlTemplate":"https:\/\/prayde.com\/empresa\/?s={search_term_string}"},"query-input":{"@type":"PropertyValueSpecification","valueRequired":true,"valueName":"search_term_string"}}],"inLanguage":"es"},{"@type":"Organization","@id":"https:\/\/prayde.com\/empresa\/#organization","name":"Gestinmo","url":"https:\/\/prayde.com\/empresa\/","logo":{"@type":"ImageObject","inLanguage":"es","@id":"https:\/\/prayde.com\/empresa\/#\/schema\/logo\/image\/","url":"https:\/\/prayde.com\/empresa\/wp-content\/uploads\/2018\/12\/cropped-cropped-Prayde-Pe.jpg","contentUrl":"https:\/\/prayde.com\/empresa\/wp-content\/uploads\/2018\/12\/cropped-cropped-Prayde-Pe.jpg","width":512,"height":512,"caption":"Gestinmo"},"image":{"@id":"https:\/\/prayde.com\/empresa\/#\/schema\/logo\/image\/"}},{"@type":"Person","@id":"https:\/\/prayde.com\/empresa\/#\/schema\/person\/f8e0c96aaf660cad78380e9d37850f22","name":"jfcaparros","image":{"@type":"ImageObject","inLanguage":"es","@id":"https:\/\/secure.gravatar.com\/avatar\/a275282a4f49c72bf010c86afa10d9fd2bf7a834cc9dcbc372cf350803eb7359?s=96&d=mm&r=g","url":"https:\/\/secure.gravatar.com\/avatar\/a275282a4f49c72bf010c86afa10d9fd2bf7a834cc9dcbc372cf350803eb7359?s=96&d=mm&r=g","contentUrl":"https:\/\/secure.gravatar.com\/avatar\/a275282a4f49c72bf010c86afa10d9fd2bf7a834cc9dcbc372cf350803eb7359?s=96&d=mm&r=g","caption":"jfcaparros"},"url":"https:\/\/prayde.com\/empresa\/author\/jfcaparros\/"}]}},"_links":{"self":[{"href":"https:\/\/prayde.com\/empresa\/wp-json\/wp\/v2\/posts\/2506","targetHints":{"allow":["GET"]}}],"collection":[{"href":"https:\/\/prayde.com\/empresa\/wp-json\/wp\/v2\/posts"}],"about":[{"href":"https:\/\/prayde.com\/empresa\/wp-json\/wp\/v2\/types\/post"}],"author":[{"embeddable":true,"href":"https:\/\/prayde.com\/empresa\/wp-json\/wp\/v2\/users\/1"}],"replies":[{"embeddable":true,"href":"https:\/\/prayde.com\/empresa\/wp-json\/wp\/v2\/comments?post=2506"}],"version-history":[{"count":1,"href":"https:\/\/prayde.com\/empresa\/wp-json\/wp\/v2\/posts\/2506\/revisions"}],"predecessor-version":[{"id":2508,"href":"https:\/\/prayde.com\/empresa\/wp-json\/wp\/v2\/posts\/2506\/revisions\/2508"}],"wp:attachment":[{"href":"https:\/\/prayde.com\/empresa\/wp-json\/wp\/v2\/media?parent=2506"}],"wp:term":[{"taxonomy":"category","embeddable":true,"href":"https:\/\/prayde.com\/empresa\/wp-json\/wp\/v2\/categories?post=2506"},{"taxonomy":"post_tag","embeddable":true,"href":"https:\/\/prayde.com\/empresa\/wp-json\/wp\/v2\/tags?post=2506"}],"curies":[{"name":"wp","href":"https:\/\/api.w.org\/{rel}","templated":true}]}}