{"id":2492,"date":"2023-03-15T07:56:00","date_gmt":"2023-03-15T07:56:00","guid":{"rendered":"https:\/\/prayde.com\/empresa\/?p=2492"},"modified":"2023-03-14T11:04:02","modified_gmt":"2023-03-14T11:04:02","slug":"que-es-una-junta-de-compensacion","status":"publish","type":"post","link":"https:\/\/prayde.com\/empresa\/que-es-una-junta-de-compensacion\/","title":{"rendered":"\u00bfQu\u00e9 es una Junta de Compensaci\u00f3n?"},"content":{"rendered":"\n<h2 class=\"wp-block-heading\"><strong>LA <a>JUNTA DE COMPENSACI\u00d3N<\/a><\/strong><\/h2>\n\n\n\n<p><strong>La Junta de Compensaci\u00f3n tiene unas caracter\u00edsticas propias<\/strong>, que se explicitan en su definici\u00f3n jur\u00eddica, y que son las siguientes:<\/p>\n\n\n\n<ul class=\"wp-block-list\">\n<li><strong>Es una asociaci\u00f3n de propietarios<\/strong><\/li>\n\n\n\n<li><strong>Tiene car\u00e1cter administrativo<\/strong><\/li>\n\n\n\n<li><strong>Tiene personalidad jur\u00eddica propia<\/strong><\/li>\n\n\n\n<li><strong>Es entidad colaboradora con las administraciones p\u00fablicas<\/strong><\/li>\n\n\n\n<li><strong>Tiene plena capacidad de obrar<\/strong><\/li>\n<\/ul>\n\n\n\n<figure class=\"wp-block-image size-medium\"><a href=\"https:\/\/prayde.com\/empresa\/wp-content\/uploads\/2021\/08\/berrocales-amplio.png\"><img loading=\"lazy\" decoding=\"async\" width=\"300\" height=\"133\" src=\"https:\/\/prayde.com\/empresa\/wp-content\/uploads\/2021\/08\/berrocales-amplio-300x133.png\" alt=\"Junta de Compensaci\u00f3n \" class=\"wp-image-1257\" srcset=\"https:\/\/prayde.com\/empresa\/wp-content\/uploads\/2021\/08\/berrocales-amplio-300x133.png 300w, https:\/\/prayde.com\/empresa\/wp-content\/uploads\/2021\/08\/berrocales-amplio-250x110.png 250w, https:\/\/prayde.com\/empresa\/wp-content\/uploads\/2021\/08\/berrocales-amplio-150x66.png 150w, https:\/\/prayde.com\/empresa\/wp-content\/uploads\/2021\/08\/berrocales-amplio.png 559w\" sizes=\"auto, (max-width: 300px) 100vw, 300px\" \/><\/a><\/figure>\n\n\n\n<p>La Junta de Compensaci\u00f3n se constituir\u00e1 ante <strong>notario por medio de escritura p\u00fablica<\/strong>, y en los anejos de la misma figurar\u00e1n los <strong>estatutos y las bases de actuaci\u00f3n<\/strong> de la misma, de una manera similar a la constituci\u00f3n de una empresa mercantil<\/p>\n\n\n\n<p>El sistema de compensaci\u00f3n se caracteriza porque <strong>los propietarios de los terrenos<\/strong> que conforman la unidad de ejecuci\u00f3n, que estar\u00e1 en <strong>suelo urbanizable sectorizado<\/strong> o en pol\u00edgonos de actuaci\u00f3n en <strong>suelo urbano no consolidado, se agrupan en una entidad denominada Junta de compensaci\u00f3n<\/strong>, de manera que \u00e9sta es la que <strong>corre con todos los costes<\/strong>, tanto de proyectos, tasas e impuestos, como de urbanizaci\u00f3n, incluso los realojos o las indemnizaciones correspondientes<\/p>\n\n\n\n<h2 class=\"wp-block-heading\"><strong>TIPOS DE JUNTA DE COMPENSACI\u00d3N<\/strong><\/h2>\n\n\n\n<p>Una Junta de compensaci\u00f3n se pueden clasificar en diversos tipos, atendiendo a sus caracter\u00edsticas f\u00edsicas, o a la forma de transmisi\u00f3n de la titularidad<\/p>\n\n\n\n<p>En cuanto a las <strong>modalidades f\u00edsicas<\/strong>, se pueden clasificar igualmente en:<\/p>\n\n\n\n<ol class=\"wp-block-list\" type=\"a\">\n<li><strong>Una sola finca<\/strong> en la unidad de ejecuci\u00f3n o pol\u00edgono de actuaci\u00f3n urban\u00edstica<\/li>\n\n\n\n<li><strong>Un solo propietario<\/strong><\/li>\n\n\n\n<li>Modalidad b\u00e1sica, compuesta por <strong>varias fincas y muchos propietarios<\/strong><\/li>\n<\/ol>\n\n\n\n<p>En cuanto a la modalidad de transmisi\u00f3n, los <strong>propietarios pueden optar<\/strong>:<\/p>\n\n\n\n<ol class=\"wp-block-list\" type=\"1\">\n<li><strong>Transmitir sus propiedades<\/strong> en la unidad de ejecuci\u00f3n en un sector o pol\u00edgono urbano <strong>a la Junta de compensaci\u00f3n<\/strong><\/li>\n\n\n\n<li><strong>No transmitirlas<\/strong><\/li>\n<\/ol>\n\n\n\n<p><strong>Esto \u00faltimo es lo m\u00e1s habitual<\/strong> y, en este caso, la Junta de Compensaci\u00f3n a act\u00faa <strong>como empresa \u201cfiduciaria\u201d,&nbsp; administrando<\/strong> los terrenos que siguen siendo de sus propietarios<\/p>\n\n\n\n<p>Es un sistema que se utiliza en suelos urbanizables sectorizados o delimitados en un determinado sector que se denomina <strong>\u00e1mbito urban\u00edstico<\/strong>, y qu\u00e9 viene determinado por las siguientes <a>caracter\u00edsticas <\/a>principales<\/p>\n\n\n\n<h2 class=\"wp-block-heading\"><strong>CARACTER\u00cdSTICAS DE UNA JUNTA DE COMPENSACI\u00d3N<\/strong><\/h2>\n\n\n\n<ol class=\"wp-block-list\" type=\"1\">\n<li>Viene impuesto por el <strong>planeamiento existente<\/strong><\/li>\n\n\n\n<li>Se necesita un <strong>porcentaje m\u00ednimo de titularidad <\/strong>sobre todo el sector para poder actuar<\/li>\n\n\n\n<li>Los propietarios con ese porcentaje m\u00ednimo se <strong>constituyen en junta de compensaci\u00f3n<\/strong><\/li>\n\n\n\n<li>Tienen unos <strong>plazos m\u00e1ximos<\/strong> marcados por la legislaci\u00f3n auton\u00f3mica o por el planeamiento <strong>para constituirse<\/strong><\/li>\n\n\n\n<li><strong>Los Estatutos y Bases<\/strong> de Actuaci\u00f3n se tienen que ser <strong>aprobados por el ayuntamiento<\/strong><\/li>\n\n\n\n<li><strong>El resto de los propietarios<\/strong> que no han participado inicialmente <strong>tienen dos oportunidades para adherirse a la junta de compensaci\u00f3n<\/strong><\/li>\n\n\n\n<li><strong>Si no se adhieren de los plazos estipulados sus terrenos son expropiados por el ayuntamiento<\/strong> en favor de la junta de compensaci\u00f3n<\/li>\n<\/ol>\n\n\n\n<p>Todos estos temas est\u00e1n desarrollados con m\u00e1s profundidad en nuestros <a href=\"http:\/\/www.prayde.com\/wordpress\"><strong>Cuadernos del Promotor Inmobiliario<\/strong><\/a><strong> (<\/strong>CPI), concretamente en el &nbsp;CPI 81 <strong>\u201c<\/strong><strong>La Junta de Compensaci\u00f3n en el Planeamiento Urban\u00edstico<\/strong>\u201d, y siguientes, al que se puede acceder desde nuestro BLOG&nbsp; <a href=\"http:\/\/prayde.com\/wordpress\"><strong>Cuadernos del Promotor y Gestor Inmobiliario<\/strong><\/a><strong><u><\/u><\/strong><\/p>\n\n\n\n<p>Vea un <a href=\"https:\/\/prayde.com\/Cuadernos\/Indice%20por%20Temas.pdf\"><strong>\u00cdndice de los CPI, por Temas<\/strong><\/a><\/p>\n\n\n\n<h2 class=\"wp-block-heading\">M\u00e1s entradas sobre este tema<\/h2>\n\n\n\n<p>y otros relacionados con la actividad inmobiliaria y promotora en<\/p>\n\n\n\n<ul class=\"wp-block-list\">\n<li>La Viabilidad de la Promocion Inmobiliaria <a href=\"https:\/\/prayde.com\/empresa\/busqueda-en-el-blog-viabilidad-de-la-promocion-inmobiliaria\/\">https:\/\/prayde.com\/empresa\/busqueda-en-el-blog-viabilidad-de-la-promocion-inmobiliaria\/<\/a><\/li>\n\n\n\n<li>Cuadernos del Promotor Inmobiliario en <a href=\"https:\/\/prayde.com\/wordpress\/\"><strong>https:\/\/prayde.com\/wordpress\/<\/strong><\/a><\/li>\n\n\n\n<li>Software de An\u00e1lisis de Viabilidad de Promociones, <strong>Gestinmo<\/strong>, en <a href=\"https:\/\/prayde.com\/\"><strong>https:\/\/prayde.com<\/strong><\/a><\/li>\n<\/ul>\n\n\n\n<ul class=\"wp-block-list\">\n<li>B\u00fascanos en Twitter &nbsp;<a href=\"https:\/\/www.youtube.com\/redirect?event=video_description&amp;redir_token=QUFFLUhqa00wa3NVcmk1NlFiZmpnMDNVLUZTRXFMTmR4Z3xBQ3Jtc0tuZmhUU3J5ZmZUc2x6YTFMbVZwRjVjTFNZTEZ6N0RLVTdBRk92TnpjSHZTbllMZVA3TnlfR2NGdnFLLXdYSmp4eUQ4V292dWRXdm9mc0xnLWRjcS1TcGxqQ0lSSmZxQ2dWNFUzQUlxbnNZUEhnUW1zYw&amp;q=https%3A%2F%2Ftwitter.com%2FPraydeG\" target=\"_blank\" rel=\"noreferrer noopener\">https:\/\/twitter.com\/PraydeG<\/a> <strong>@PraydeG<\/strong><\/li>\n\n\n\n<li>Y en nuestros canales de YouTube <a href=\"https:\/\/www.youtube.com\/playlist?list=PL2rXgOV0kih4ImgRs2ky77CTbkIblLX36\"><strong>https:\/\/www.youtube.com\/playlist?list=PL2rXgOV0kih4ImgRs2ky77CTbkIblLX36<\/strong><\/a><\/li>\n\n\n\n<li><strong>Spotify<\/strong>: <a href=\"https:\/\/open.spotify.com\/show\/70rqfcJ5QURpunFnSnAlyd\">https:\/\/open.spotify.com\/show\/70rqfcJ5QURpunFnSnAlyd<\/a><\/li>\n<\/ul>\n","protected":false},"excerpt":{"rendered":"<p>LA JUNTA DE COMPENSACI\u00d3N La Junta de Compensaci\u00f3n tiene unas caracter\u00edsticas propias, que se explicitan en su definici\u00f3n jur\u00eddica, y que son las siguientes: La Junta de Compensaci\u00f3n se constituir\u00e1\u2026 <a class=\"continue-reading-link\" href=\"https:\/\/prayde.com\/empresa\/que-es-una-junta-de-compensacion\/\">Continue leyendo<\/a><\/p>\n","protected":false},"author":1,"featured_media":0,"comment_status":"open","ping_status":"closed","sticky":false,"template":"","format":"standard","meta":{"footnotes":""},"categories":[1],"tags":[19,29],"class_list":["post-2492","post","type-post","status-publish","format-standard","hentry","category-sin-categoria","tag-legislacion","tag-suelo"],"yoast_head":"<!-- This site is optimized with the Yoast SEO plugin v27.5 - https:\/\/yoast.com\/product\/yoast-seo-wordpress\/ -->\n<title>\u00bfQu\u00e9 es una Junta de Compensaci\u00f3n? - Gestinmo<\/title>\n<meta name=\"description\" content=\"La Junta de Compensaci\u00f3n tiene unas caracter\u00edsticas propias, que se explicitan en su definici\u00f3n jur\u00eddica y legal\" \/>\n<meta name=\"robots\" content=\"index, follow, max-snippet:-1, max-image-preview:large, max-video-preview:-1\" \/>\n<link rel=\"canonical\" href=\"https:\/\/prayde.com\/empresa\/que-es-una-junta-de-compensacion\/\" \/>\n<meta property=\"og:locale\" content=\"es_ES\" \/>\n<meta property=\"og:type\" content=\"article\" \/>\n<meta property=\"og:title\" content=\"\u00bfQu\u00e9 es una Junta de Compensaci\u00f3n? - Gestinmo\" \/>\n<meta property=\"og:description\" content=\"La Junta de Compensaci\u00f3n tiene unas caracter\u00edsticas propias, que se explicitan en su definici\u00f3n jur\u00eddica y legal\" \/>\n<meta property=\"og:url\" content=\"https:\/\/prayde.com\/empresa\/que-es-una-junta-de-compensacion\/\" \/>\n<meta property=\"og:site_name\" content=\"Gestinmo\" \/>\n<meta property=\"article:published_time\" content=\"2023-03-15T07:56:00+00:00\" \/>\n<meta property=\"og:image\" content=\"https:\/\/prayde.com\/empresa\/wp-content\/uploads\/2021\/08\/berrocales-amplio-300x133.png\" \/>\n<meta name=\"author\" content=\"jfcaparros\" \/>\n<meta name=\"twitter:card\" content=\"summary_large_image\" \/>\n<meta name=\"twitter:label1\" content=\"Escrito por\" \/>\n\t<meta name=\"twitter:data1\" content=\"jfcaparros\" \/>\n\t<meta name=\"twitter:label2\" content=\"Tiempo de lectura\" \/>\n\t<meta name=\"twitter:data2\" content=\"3 minutos\" \/>\n<script type=\"application\/ld+json\" class=\"yoast-schema-graph\">{\"@context\":\"https:\\\/\\\/schema.org\",\"@graph\":[{\"@type\":\"Article\",\"@id\":\"https:\\\/\\\/prayde.com\\\/empresa\\\/que-es-una-junta-de-compensacion\\\/#article\",\"isPartOf\":{\"@id\":\"https:\\\/\\\/prayde.com\\\/empresa\\\/que-es-una-junta-de-compensacion\\\/\"},\"author\":{\"name\":\"jfcaparros\",\"@id\":\"https:\\\/\\\/prayde.com\\\/empresa\\\/#\\\/schema\\\/person\\\/f8e0c96aaf660cad78380e9d37850f22\"},\"headline\":\"\u00bfQu\u00e9 es una Junta de Compensaci\u00f3n?\",\"datePublished\":\"2023-03-15T07:56:00+00:00\",\"mainEntityOfPage\":{\"@id\":\"https:\\\/\\\/prayde.com\\\/empresa\\\/que-es-una-junta-de-compensacion\\\/\"},\"wordCount\":626,\"commentCount\":0,\"publisher\":{\"@id\":\"https:\\\/\\\/prayde.com\\\/empresa\\\/#organization\"},\"image\":{\"@id\":\"https:\\\/\\\/prayde.com\\\/empresa\\\/que-es-una-junta-de-compensacion\\\/#primaryimage\"},\"thumbnailUrl\":\"https:\\\/\\\/prayde.com\\\/empresa\\\/wp-content\\\/uploads\\\/2021\\\/08\\\/berrocales-amplio-300x133.png\",\"keywords\":[\"legislacion\",\"Suelo\"],\"inLanguage\":\"es\",\"potentialAction\":[{\"@type\":\"CommentAction\",\"name\":\"Comment\",\"target\":[\"https:\\\/\\\/prayde.com\\\/empresa\\\/que-es-una-junta-de-compensacion\\\/#respond\"]}]},{\"@type\":\"WebPage\",\"@id\":\"https:\\\/\\\/prayde.com\\\/empresa\\\/que-es-una-junta-de-compensacion\\\/\",\"url\":\"https:\\\/\\\/prayde.com\\\/empresa\\\/que-es-una-junta-de-compensacion\\\/\",\"name\":\"\u00bfQu\u00e9 es una Junta de Compensaci\u00f3n? - Gestinmo\",\"isPartOf\":{\"@id\":\"https:\\\/\\\/prayde.com\\\/empresa\\\/#website\"},\"primaryImageOfPage\":{\"@id\":\"https:\\\/\\\/prayde.com\\\/empresa\\\/que-es-una-junta-de-compensacion\\\/#primaryimage\"},\"image\":{\"@id\":\"https:\\\/\\\/prayde.com\\\/empresa\\\/que-es-una-junta-de-compensacion\\\/#primaryimage\"},\"thumbnailUrl\":\"https:\\\/\\\/prayde.com\\\/empresa\\\/wp-content\\\/uploads\\\/2021\\\/08\\\/berrocales-amplio-300x133.png\",\"datePublished\":\"2023-03-15T07:56:00+00:00\",\"description\":\"La Junta de Compensaci\u00f3n tiene unas caracter\u00edsticas propias, que se explicitan en su definici\u00f3n jur\u00eddica y legal\",\"breadcrumb\":{\"@id\":\"https:\\\/\\\/prayde.com\\\/empresa\\\/que-es-una-junta-de-compensacion\\\/#breadcrumb\"},\"inLanguage\":\"es\",\"potentialAction\":[{\"@type\":\"ReadAction\",\"target\":[\"https:\\\/\\\/prayde.com\\\/empresa\\\/que-es-una-junta-de-compensacion\\\/\"]}]},{\"@type\":\"ImageObject\",\"inLanguage\":\"es\",\"@id\":\"https:\\\/\\\/prayde.com\\\/empresa\\\/que-es-una-junta-de-compensacion\\\/#primaryimage\",\"url\":\"https:\\\/\\\/prayde.com\\\/empresa\\\/wp-content\\\/uploads\\\/2021\\\/08\\\/berrocales-amplio.png\",\"contentUrl\":\"https:\\\/\\\/prayde.com\\\/empresa\\\/wp-content\\\/uploads\\\/2021\\\/08\\\/berrocales-amplio.png\",\"width\":559,\"height\":247},{\"@type\":\"BreadcrumbList\",\"@id\":\"https:\\\/\\\/prayde.com\\\/empresa\\\/que-es-una-junta-de-compensacion\\\/#breadcrumb\",\"itemListElement\":[{\"@type\":\"ListItem\",\"position\":1,\"name\":\"Portada\",\"item\":\"https:\\\/\\\/prayde.com\\\/empresa\\\/\"},{\"@type\":\"ListItem\",\"position\":2,\"name\":\"\u00bfQu\u00e9 es una Junta de Compensaci\u00f3n?\"}]},{\"@type\":\"WebSite\",\"@id\":\"https:\\\/\\\/prayde.com\\\/empresa\\\/#website\",\"url\":\"https:\\\/\\\/prayde.com\\\/empresa\\\/\",\"name\":\"Gestinmo\",\"description\":\"Analizar la Rentabilidad y Riesgos de una Promocion Inmobiliaria\",\"publisher\":{\"@id\":\"https:\\\/\\\/prayde.com\\\/empresa\\\/#organization\"},\"potentialAction\":[{\"@type\":\"SearchAction\",\"target\":{\"@type\":\"EntryPoint\",\"urlTemplate\":\"https:\\\/\\\/prayde.com\\\/empresa\\\/?s={search_term_string}\"},\"query-input\":{\"@type\":\"PropertyValueSpecification\",\"valueRequired\":true,\"valueName\":\"search_term_string\"}}],\"inLanguage\":\"es\"},{\"@type\":\"Organization\",\"@id\":\"https:\\\/\\\/prayde.com\\\/empresa\\\/#organization\",\"name\":\"Gestinmo\",\"url\":\"https:\\\/\\\/prayde.com\\\/empresa\\\/\",\"logo\":{\"@type\":\"ImageObject\",\"inLanguage\":\"es\",\"@id\":\"https:\\\/\\\/prayde.com\\\/empresa\\\/#\\\/schema\\\/logo\\\/image\\\/\",\"url\":\"https:\\\/\\\/prayde.com\\\/empresa\\\/wp-content\\\/uploads\\\/2018\\\/12\\\/cropped-cropped-Prayde-Pe.jpg\",\"contentUrl\":\"https:\\\/\\\/prayde.com\\\/empresa\\\/wp-content\\\/uploads\\\/2018\\\/12\\\/cropped-cropped-Prayde-Pe.jpg\",\"width\":512,\"height\":512,\"caption\":\"Gestinmo\"},\"image\":{\"@id\":\"https:\\\/\\\/prayde.com\\\/empresa\\\/#\\\/schema\\\/logo\\\/image\\\/\"}},{\"@type\":\"Person\",\"@id\":\"https:\\\/\\\/prayde.com\\\/empresa\\\/#\\\/schema\\\/person\\\/f8e0c96aaf660cad78380e9d37850f22\",\"name\":\"jfcaparros\",\"image\":{\"@type\":\"ImageObject\",\"inLanguage\":\"es\",\"@id\":\"https:\\\/\\\/secure.gravatar.com\\\/avatar\\\/a275282a4f49c72bf010c86afa10d9fd2bf7a834cc9dcbc372cf350803eb7359?s=96&d=mm&r=g\",\"url\":\"https:\\\/\\\/secure.gravatar.com\\\/avatar\\\/a275282a4f49c72bf010c86afa10d9fd2bf7a834cc9dcbc372cf350803eb7359?s=96&d=mm&r=g\",\"contentUrl\":\"https:\\\/\\\/secure.gravatar.com\\\/avatar\\\/a275282a4f49c72bf010c86afa10d9fd2bf7a834cc9dcbc372cf350803eb7359?s=96&d=mm&r=g\",\"caption\":\"jfcaparros\"},\"url\":\"https:\\\/\\\/prayde.com\\\/empresa\\\/author\\\/jfcaparros\\\/\"}]}<\/script>\n<!-- \/ Yoast SEO plugin. -->","yoast_head_json":{"title":"\u00bfQu\u00e9 es una Junta de Compensaci\u00f3n? - Gestinmo","description":"La Junta de Compensaci\u00f3n tiene unas caracter\u00edsticas propias, que se explicitan en su definici\u00f3n jur\u00eddica y legal","robots":{"index":"index","follow":"follow","max-snippet":"max-snippet:-1","max-image-preview":"max-image-preview:large","max-video-preview":"max-video-preview:-1"},"canonical":"https:\/\/prayde.com\/empresa\/que-es-una-junta-de-compensacion\/","og_locale":"es_ES","og_type":"article","og_title":"\u00bfQu\u00e9 es una Junta de Compensaci\u00f3n? - Gestinmo","og_description":"La Junta de Compensaci\u00f3n tiene unas caracter\u00edsticas propias, que se explicitan en su definici\u00f3n jur\u00eddica y legal","og_url":"https:\/\/prayde.com\/empresa\/que-es-una-junta-de-compensacion\/","og_site_name":"Gestinmo","article_published_time":"2023-03-15T07:56:00+00:00","og_image":[{"url":"https:\/\/prayde.com\/empresa\/wp-content\/uploads\/2021\/08\/berrocales-amplio-300x133.png","type":"","width":"","height":""}],"author":"jfcaparros","twitter_card":"summary_large_image","twitter_misc":{"Escrito por":"jfcaparros","Tiempo de lectura":"3 minutos"},"schema":{"@context":"https:\/\/schema.org","@graph":[{"@type":"Article","@id":"https:\/\/prayde.com\/empresa\/que-es-una-junta-de-compensacion\/#article","isPartOf":{"@id":"https:\/\/prayde.com\/empresa\/que-es-una-junta-de-compensacion\/"},"author":{"name":"jfcaparros","@id":"https:\/\/prayde.com\/empresa\/#\/schema\/person\/f8e0c96aaf660cad78380e9d37850f22"},"headline":"\u00bfQu\u00e9 es una Junta de Compensaci\u00f3n?","datePublished":"2023-03-15T07:56:00+00:00","mainEntityOfPage":{"@id":"https:\/\/prayde.com\/empresa\/que-es-una-junta-de-compensacion\/"},"wordCount":626,"commentCount":0,"publisher":{"@id":"https:\/\/prayde.com\/empresa\/#organization"},"image":{"@id":"https:\/\/prayde.com\/empresa\/que-es-una-junta-de-compensacion\/#primaryimage"},"thumbnailUrl":"https:\/\/prayde.com\/empresa\/wp-content\/uploads\/2021\/08\/berrocales-amplio-300x133.png","keywords":["legislacion","Suelo"],"inLanguage":"es","potentialAction":[{"@type":"CommentAction","name":"Comment","target":["https:\/\/prayde.com\/empresa\/que-es-una-junta-de-compensacion\/#respond"]}]},{"@type":"WebPage","@id":"https:\/\/prayde.com\/empresa\/que-es-una-junta-de-compensacion\/","url":"https:\/\/prayde.com\/empresa\/que-es-una-junta-de-compensacion\/","name":"\u00bfQu\u00e9 es una Junta de Compensaci\u00f3n? - Gestinmo","isPartOf":{"@id":"https:\/\/prayde.com\/empresa\/#website"},"primaryImageOfPage":{"@id":"https:\/\/prayde.com\/empresa\/que-es-una-junta-de-compensacion\/#primaryimage"},"image":{"@id":"https:\/\/prayde.com\/empresa\/que-es-una-junta-de-compensacion\/#primaryimage"},"thumbnailUrl":"https:\/\/prayde.com\/empresa\/wp-content\/uploads\/2021\/08\/berrocales-amplio-300x133.png","datePublished":"2023-03-15T07:56:00+00:00","description":"La Junta de Compensaci\u00f3n tiene unas caracter\u00edsticas propias, que se explicitan en su definici\u00f3n jur\u00eddica y legal","breadcrumb":{"@id":"https:\/\/prayde.com\/empresa\/que-es-una-junta-de-compensacion\/#breadcrumb"},"inLanguage":"es","potentialAction":[{"@type":"ReadAction","target":["https:\/\/prayde.com\/empresa\/que-es-una-junta-de-compensacion\/"]}]},{"@type":"ImageObject","inLanguage":"es","@id":"https:\/\/prayde.com\/empresa\/que-es-una-junta-de-compensacion\/#primaryimage","url":"https:\/\/prayde.com\/empresa\/wp-content\/uploads\/2021\/08\/berrocales-amplio.png","contentUrl":"https:\/\/prayde.com\/empresa\/wp-content\/uploads\/2021\/08\/berrocales-amplio.png","width":559,"height":247},{"@type":"BreadcrumbList","@id":"https:\/\/prayde.com\/empresa\/que-es-una-junta-de-compensacion\/#breadcrumb","itemListElement":[{"@type":"ListItem","position":1,"name":"Portada","item":"https:\/\/prayde.com\/empresa\/"},{"@type":"ListItem","position":2,"name":"\u00bfQu\u00e9 es una Junta de Compensaci\u00f3n?"}]},{"@type":"WebSite","@id":"https:\/\/prayde.com\/empresa\/#website","url":"https:\/\/prayde.com\/empresa\/","name":"Gestinmo","description":"Analizar la Rentabilidad y Riesgos de una Promocion Inmobiliaria","publisher":{"@id":"https:\/\/prayde.com\/empresa\/#organization"},"potentialAction":[{"@type":"SearchAction","target":{"@type":"EntryPoint","urlTemplate":"https:\/\/prayde.com\/empresa\/?s={search_term_string}"},"query-input":{"@type":"PropertyValueSpecification","valueRequired":true,"valueName":"search_term_string"}}],"inLanguage":"es"},{"@type":"Organization","@id":"https:\/\/prayde.com\/empresa\/#organization","name":"Gestinmo","url":"https:\/\/prayde.com\/empresa\/","logo":{"@type":"ImageObject","inLanguage":"es","@id":"https:\/\/prayde.com\/empresa\/#\/schema\/logo\/image\/","url":"https:\/\/prayde.com\/empresa\/wp-content\/uploads\/2018\/12\/cropped-cropped-Prayde-Pe.jpg","contentUrl":"https:\/\/prayde.com\/empresa\/wp-content\/uploads\/2018\/12\/cropped-cropped-Prayde-Pe.jpg","width":512,"height":512,"caption":"Gestinmo"},"image":{"@id":"https:\/\/prayde.com\/empresa\/#\/schema\/logo\/image\/"}},{"@type":"Person","@id":"https:\/\/prayde.com\/empresa\/#\/schema\/person\/f8e0c96aaf660cad78380e9d37850f22","name":"jfcaparros","image":{"@type":"ImageObject","inLanguage":"es","@id":"https:\/\/secure.gravatar.com\/avatar\/a275282a4f49c72bf010c86afa10d9fd2bf7a834cc9dcbc372cf350803eb7359?s=96&d=mm&r=g","url":"https:\/\/secure.gravatar.com\/avatar\/a275282a4f49c72bf010c86afa10d9fd2bf7a834cc9dcbc372cf350803eb7359?s=96&d=mm&r=g","contentUrl":"https:\/\/secure.gravatar.com\/avatar\/a275282a4f49c72bf010c86afa10d9fd2bf7a834cc9dcbc372cf350803eb7359?s=96&d=mm&r=g","caption":"jfcaparros"},"url":"https:\/\/prayde.com\/empresa\/author\/jfcaparros\/"}]}},"_links":{"self":[{"href":"https:\/\/prayde.com\/empresa\/wp-json\/wp\/v2\/posts\/2492","targetHints":{"allow":["GET"]}}],"collection":[{"href":"https:\/\/prayde.com\/empresa\/wp-json\/wp\/v2\/posts"}],"about":[{"href":"https:\/\/prayde.com\/empresa\/wp-json\/wp\/v2\/types\/post"}],"author":[{"embeddable":true,"href":"https:\/\/prayde.com\/empresa\/wp-json\/wp\/v2\/users\/1"}],"replies":[{"embeddable":true,"href":"https:\/\/prayde.com\/empresa\/wp-json\/wp\/v2\/comments?post=2492"}],"version-history":[{"count":1,"href":"https:\/\/prayde.com\/empresa\/wp-json\/wp\/v2\/posts\/2492\/revisions"}],"predecessor-version":[{"id":2493,"href":"https:\/\/prayde.com\/empresa\/wp-json\/wp\/v2\/posts\/2492\/revisions\/2493"}],"wp:attachment":[{"href":"https:\/\/prayde.com\/empresa\/wp-json\/wp\/v2\/media?parent=2492"}],"wp:term":[{"taxonomy":"category","embeddable":true,"href":"https:\/\/prayde.com\/empresa\/wp-json\/wp\/v2\/categories?post=2492"},{"taxonomy":"post_tag","embeddable":true,"href":"https:\/\/prayde.com\/empresa\/wp-json\/wp\/v2\/tags?post=2492"}],"curies":[{"name":"wp","href":"https:\/\/api.w.org\/{rel}","templated":true}]}}